{"id":289414,"date":"2025-08-01T16:32:10","date_gmt":"2025-08-01T16:32:10","guid":{"rendered":"https:\/\/www.europesays.com\/fr\/289414\/"},"modified":"2025-08-01T16:32:10","modified_gmt":"2025-08-01T16:32:10","slug":"un-americain-de-12-ans-tue-par-une-amibe-mangeuse-de-cerveau-apres-setre-baigne-dans-un-lac-aux-etats-unis","status":"publish","type":"post","link":"https:\/\/www.europesays.com\/fr\/289414\/","title":{"rendered":"Un Am\u00e9ricain de 12 ans tu\u00e9 par une amibe \u00abmangeuse de cerveau\u00bb apr\u00e8s s&rsquo;\u00eatre baign\u00e9 dans un lac aux Etats-Unis"},"content":{"rendered":"<p class=\"dm_article-chapeau\">Un jeune Am\u00e9ricain de 12 ans a perdu la vie apr\u00e8s avoir contract\u00e9 une amibe rare et particuli\u00e8rement agressive, surnomm\u00e9e m\u00eame \u00abmangeuse de cerveau\u00bb. L\u2019enfant aurait \u00e9t\u00e9 contamin\u00e9 en se baignant dans un lac situ\u00e9 dans l\u2019Etat du Missouri, aux \u00c9tats-Unis.<\/p>\n<p>L\u2019annonce du d\u00e9c\u00e8s a \u00e9t\u00e9 faite par les autorit\u00e9s de sant\u00e9 locales, qui ont confirm\u00e9 que l\u2019adolescent avait \u00e9t\u00e9 victime d\u2019une <a href=\"https:\/\/www.msdmanuals.com\/fr\/accueil\/infections\/infections-parasitaires-protozoaires-extra-intestinaux\/infection-amibienne-du-cerveau-m%C3%A9ningo-enc%C3%A9phalite-amibienne-primitive\" target=\"_blank\" rel=\"noopener\">m\u00e9ningo-enc\u00e9phalite amibienne primitive<\/a>. Cette infection c\u00e9r\u00e9brale foudroyante est caus\u00e9e par une amibe unicellulaire, surnomm\u00e9e \u00abmangeuse de cerveau\u00bb, qui s\u2019introduit dans l\u2019organisme par le nez lorsqu\u2019une personne nage dans une eau douce et chaude, comme celle des lacs ou des rivi\u00e8res. En seulement quelques jours, l\u2019adolescent a vu son \u00e9tat se d\u00e9grader, jusqu\u2019\u00e0 en mourir.<\/p>\n<p>Le 4 juillet, jour de la F\u00eate nationale am\u00e9ricaine, l\u2019adolescent avait pass\u00e9 la journ\u00e9e au lac Murray, en Caroline du Sud, entour\u00e9 de sa famille. Au programme : p\u00eache, baignade et balade en bateau. Mais quelques jours apr\u00e8s cette sortie estivale, il a commenc\u00e9 \u00e0 se plaindre de maux de t\u00eate, rapporte l\u2019agence<a href=\"https:\/\/apnews.com\/\" target=\"_blank\" rel=\"noopener\"> Associated Press<\/a>. Un traitement m\u00e9dicamenteux avait d\u2019abord permis de le soulager, mais d\u00e8s le lendemain, les douleurs se sont intensifi\u00e9es. L\u2019adolescent s\u2019est alors mis \u00e0 vomir et \u00e0 pr\u00e9senter des signes de d\u00e9sorientation.<\/p>\n<p>Lieu de baignade ferm\u00e9 par pr\u00e9caution<\/p>\n<p>Selon les Centres pour le contr\u00f4le et la pr\u00e9vention des maladies, cette amibe ne provoque pas d\u2019infection lorsqu\u2019elle est ing\u00e9r\u00e9e par la bouche, mais devient mortelle si elle atteint le cerveau. Les sympt\u00f4mes apparaissent g\u00e9n\u00e9ralement entre un et douze jours apr\u00e8s l\u2019exposition, avec des maux de t\u00eate, de la fi\u00e8vre, des naus\u00e9es, et \u00e9voluent tr\u00e8s rapidement vers un coma puis la mort.<\/p>\n<p>Les autorit\u00e9s ont ferm\u00e9 temporairement l\u2019acc\u00e8s au plan d\u2019eau dans lequel le jeune am\u00e9rician s\u2019est baign\u00e9. Des analyses ont \u00e9t\u00e9 men\u00e9es pour confirmer la pr\u00e9sence de cette \u00abNaegleria fowleri\u00bb dans le lac. M\u00eame si les cas restent extr\u00eamement rares, quelques dizaines seulement ont \u00e9t\u00e9 recens\u00e9s aux <a href=\"https:\/\/www.cnews.fr\/etats-unis\" target=\"_blank\" rel=\"noopener\">\u00c9tats-Unis<\/a> depuis plusieurs d\u00e9cennies, cette infection est souvent mortelle. Les centres rapportent un taux de survie de moins de 3% chez les personnes atteintes.\u00a0<\/p>\n<p>Une bact\u00e9rie qui prolif\u00e8re avec la chaleur<\/p>\n<p>Ce type d\u2019amibe prolif\u00e8re dans les eaux chaudes, stagnantes et peu profondes, particuli\u00e8rement lors des p\u00e9riodes de forte chaleur.<\/p>\n<p>Les experts sanitaires rappellent qu\u2019il est possible de limiter les risques d\u2019infection en \u00e9vitant que de l\u2019eau douce s\u2019introduise dans le nez lors des baignades. Cela peut passer par le port d\u2019un pince-nez ou par l\u2019abstention de plong\u00e9e et de baignade dans les zones suspectes.<\/p>\n","protected":false},"excerpt":{"rendered":"Un jeune Am\u00e9ricain de 12 ans a perdu la vie apr\u00e8s avoir contract\u00e9 une amibe rare et particuli\u00e8rement&hellip;\n","protected":false},"author":2,"featured_media":289415,"comment_status":"","ping_status":"","sticky":false,"template":"","format":"standard","meta":{"footnotes":""},"categories":[10],"tags":[73,118,1011,27,72,226,71],"class_list":{"0":"post-289414","1":"post","2":"type-post","3":"status-publish","4":"format-standard","5":"has-post-thumbnail","7":"category-sante","8":"tag-etats-unis","9":"tag-faits-divers","10":"tag-fr","11":"tag-france","12":"tag-health","13":"tag-maladie","14":"tag-sante"},"share_on_mastodon":{"url":"https:\/\/pubeurope.com\/@fr\/114954472259881629","error":""},"_links":{"self":[{"href":"https:\/\/www.europesays.com\/fr\/wp-json\/wp\/v2\/posts\/289414","targetHints":{"allow":["GET"]}}],"collection":[{"href":"https:\/\/www.europesays.com\/fr\/wp-json\/wp\/v2\/posts"}],"about":[{"href":"https:\/\/www.europesays.com\/fr\/wp-json\/wp\/v2\/types\/post"}],"author":[{"embeddable":true,"href":"https:\/\/www.europesays.com\/fr\/wp-json\/wp\/v2\/users\/2"}],"replies":[{"embeddable":true,"href":"https:\/\/www.europesays.com\/fr\/wp-json\/wp\/v2\/comments?post=289414"}],"version-history":[{"count":0,"href":"https:\/\/www.europesays.com\/fr\/wp-json\/wp\/v2\/posts\/289414\/revisions"}],"wp:featuredmedia":[{"embeddable":true,"href":"https:\/\/www.europesays.com\/fr\/wp-json\/wp\/v2\/media\/289415"}],"wp:attachment":[{"href":"https:\/\/www.europesays.com\/fr\/wp-json\/wp\/v2\/media?parent=289414"}],"wp:term":[{"taxonomy":"category","embeddable":true,"href":"https:\/\/www.europesays.com\/fr\/wp-json\/wp\/v2\/categories?post=289414"},{"taxonomy":"post_tag","embeddable":true,"href":"https:\/\/www.europesays.com\/fr\/wp-json\/wp\/v2\/tags?post=289414"}],"curies":[{"name":"wp","href":"https:\/\/api.w.org\/{rel}","templated":true}]}}