{"id":289418,"date":"2025-08-01T16:34:09","date_gmt":"2025-08-01T16:34:09","guid":{"rendered":"https:\/\/www.europesays.com\/fr\/289418\/"},"modified":"2025-08-01T16:34:09","modified_gmt":"2025-08-01T16:34:09","slug":"nagui-critique-le-toc-du-maestro-il","status":"publish","type":"post","link":"https:\/\/www.europesays.com\/fr\/289418\/","title":{"rendered":"Nagui critique le toc du maestro, il &#8230;"},"content":{"rendered":"<p>EN BREF<\/p>\n<ul class=\"bloc_resume_post_list\">\n<li>Sur NOPLP, Nagui s\u2019est agac\u00e9 du tic capillaire de<br \/>\nPierre-Yves, maestro en pleine r\u00e9flexion.<\/li>\n<li>Le champion, g\u00ean\u00e9, a reconnu toucher encore plus ses<br \/>\ncheveux chez lui.<\/li>\n<li>Avec 94 000 \u20ac, il vise les Masters 2025 malgr\u00e9 sa<br \/>\ncagnotte rest\u00e9e bloqu\u00e9e.<\/li>\n<\/ul>\n<p>Sur le plateau de N\u2019oubliez pas les paroles, <a class=\"qbe-widget\" href=\"https:\/\/www.telestar.fr\/actu_tv\/noplp\/noubliez-pas-les-paroles-des-quils-depassent-ce-constat-navrant-de-nagui-sur-lattitude-des-candidats-1733165\" target=\"_blank\" rel=\"noopener noreferrer\">Nagui n\u00a0\u00bbest pas toujours<br \/>\ntendre avec les candidats<\/a>. Par exemple, il n\u2019avait pas h\u00e9sit\u00e9 \u00e0<br \/>\npointer du doigt <a class=\"qbe-widget\" href=\"https:\/\/www.google.com\/search?q=site%3Awww.telestar.fr+nagiu+et+natacha&amp;rlz=1C5CHFA_enFR936FR936&amp;oq=site%3Awww.telestar.fr+nagiu+et+natacha&amp;gs_lcrp=EgZjaHJvbWUyBggAEEUYOTIGCAEQRRg60gEKMTQyNDhqMGoxNagCCLACAQ&amp;sourceid=chrome&amp;ie=UTF-8\" target=\"_blank\" rel=\"noopener noreferrer\">l\u2019attitude de<br \/>\nNatacha<\/a>, qui avait <a class=\"qbe-widget\" href=\"https:\/\/www.telestar.fr\/actu_tv\/noubliez-pas-les-paroles-natacha-rembarre-violemment-nagui-lanimateur-nose-plus-en-placer-une-1718809\" target=\"_blank\" rel=\"noopener noreferrer\">fini par le<br \/>\nrembarrer.\u00a0<\/a><\/p>\n<p>Depuis que <a class=\"qbe-widget\" href=\"https:\/\/www.telestar.fr\/actu_tv\/noubliez-pas-les-paroles-nagui-corrige-a-tort-le-maestro-pierre-yves-et-se-fait-remettre-a-sa-place-1733330\" target=\"_blank\" rel=\"noopener noreferrer\">Pierre-Yves a pris la<br \/>\nplace de maestro<\/a>, l&rsquo;ambiance ne semble pas \u00eatre au beau fixe.<br \/>\nNagui n\u2019a d\u2019ailleurs eu aucun mal \u00e0 faire savoir au champion que<br \/>\nson comportement l&rsquo;\u00e9nervait.<\/p>\n<p>Nagui tacle le maestro dans \u201cN\u2019oubliez pas les paroles\u201d.<\/p>\n<p>Dans l\u2019\u00e9mission diffus\u00e9e le jeudi 31 juillet, Pierre-Yves a<br \/>\nremport\u00e9 sa 22\u1d49 victoire. Apr\u00e8s avoir battu Audrey, il a donc<br \/>\nchoisi de chanter \u201cOui ou non\u201d d&rsquo;Ang\u00e8le, pour trouver le maximum de<br \/>\nmots manquants, et faire grimper sa cagnotte. Alors qu\u2019il<br \/>\nconnaissait bien la chanson, il a gagn\u00e9 5 000 euros. Pour cela, il<br \/>\ndevait trouver 6 mots manquants. Mais l\u00e0, ce fut le trou noir.<br \/>\nAssez stress\u00e9, il s\u2019est comme \u00e0 son habitude touch\u00e9 les cheveux. Ce<br \/>\ngeste r\u00e9p\u00e9t\u00e9 inlassablement n\u2019a pas manqu\u00e9 d\u2019irriter Nagui.<\/p>\n<p>\u201c<strong>Il va y avoir un sac de n\u0153uds dans vos cheveux \u00e0 la<br \/>\nfin, je vous jure. Prenez du d\u00e9m\u00ealant avant l\u2019\u00e9mission, je ne sais<br \/>\npas, mais c\u2019est\u2026<\/strong>\u201d lui a-t-il l\u00e2ch\u00e9, alors que le<br \/>\njeune homme \u00e9tait en pleine r\u00e9flexion. Conscient de son tic, il<br \/>\naffirme : \u201cJe vous jure que c\u2019est soft par rapport \u00e0 chez<br \/>\nmoi.\u201d <a class=\"qbe-widget\" href=\"https:\/\/www.telestar.fr\/people\/melanie-page-fait-de-rares-confidences-sur-son-couple-avec-nagui-on-voulait-absolument-1720876\" target=\"_blank\" rel=\"noopener noreferrer\">Le mari de M\u00e9lanie<br \/>\nPage<\/a> ne la laisse pas tranquille : \u201cVous n\u2019allez pas vous<br \/>\nen sortir\u201d. Alors que Pierre-Yves recommence \u00e0 tourner ses<br \/>\ncheveux autour de son doigt, il s\u2019arr\u00eate imm\u00e9diatement et rigole<br \/>\nnerveusement.<\/p>\n<p>N\u2019oubliez pas les paroles : quelle est<br \/>\nla cagnotte de Pierre-Yves ?<\/p>\n<p>Malheureusement, il n\u2019aura pas r\u00e9ussi \u00e0 faire monter sa<br \/>\ncagnotte<strong>. Pierre-Yves reste donc \u00e0 94 000 euros.<\/strong><br \/>\nEt il ne compte pas s\u2019arr\u00eater l\u00e0. M\u00eame s\u2019il est bien loin du record<br \/>\nde Beno\u00eet, qui a remport\u00e9 111 victoires et 746 000 euros, il fait<br \/>\npartie des plus grands maestros de 2025. \u201cOn ne va pas se<br \/>\nmentir, je pense que vous \u00eates rentr\u00e9 dans le top 5 des meilleurs<br \/>\nscores de l&rsquo;ann\u00e9e pour \u00eatre dans les pr\u00e9liminaires des Masters dans<br \/>\nun mois sur France 2\u201d, lui a dit Nagui un peu plus t\u00f4t dans la<br \/>\nsoir\u00e9e.<\/p>\n<p>Gr\u00e2ce \u00e0 son parcours dans le jeu, Pierre-Yves va pouvoir<br \/>\nr\u00e9aliser certains de ses projets. Le r\u00e9alisateur en freelance a<br \/>\nfait savoir qu\u2019il souhaitait <a class=\"qbe-widget\" href=\"https:\/\/www.telestar.fr\/actu_tv\/noubliez-pas-les-paroles-qui-mangent-des-le-maestro-pierre-yves-veut-depenser-sa-cagnotte-dune-facon-inedite-1733227\" target=\"_blank\" rel=\"noopener noreferrer\">acheter des plantes<br \/>\nd&rsquo;int\u00e9rieur.\u00a0<\/a><\/p>\n","protected":false},"excerpt":{"rendered":"EN BREF Sur NOPLP, Nagui s\u2019est agac\u00e9 du tic capillaire de Pierre-Yves, maestro en pleine r\u00e9flexion. Le champion,&hellip;\n","protected":false},"author":2,"featured_media":289419,"comment_status":"","ping_status":"","sticky":false,"template":"","format":"standard","meta":{"footnotes":""},"categories":[8],"tags":[548,58,59,1011,27,31009,10477],"class_list":{"0":"post-289418","1":"post","2":"type-post","3":"status-publish","4":"format-standard","5":"has-post-thumbnail","7":"category-divertissement","8":"tag-article-simple","9":"tag-divertissement","10":"tag-entertainment","11":"tag-fr","12":"tag-france","13":"tag-noubliez-pas-les-paroles","14":"tag-nagui"},"share_on_mastodon":{"url":"https:\/\/pubeurope.com\/@fr\/114954480390608629","error":""},"_links":{"self":[{"href":"https:\/\/www.europesays.com\/fr\/wp-json\/wp\/v2\/posts\/289418","targetHints":{"allow":["GET"]}}],"collection":[{"href":"https:\/\/www.europesays.com\/fr\/wp-json\/wp\/v2\/posts"}],"about":[{"href":"https:\/\/www.europesays.com\/fr\/wp-json\/wp\/v2\/types\/post"}],"author":[{"embeddable":true,"href":"https:\/\/www.europesays.com\/fr\/wp-json\/wp\/v2\/users\/2"}],"replies":[{"embeddable":true,"href":"https:\/\/www.europesays.com\/fr\/wp-json\/wp\/v2\/comments?post=289418"}],"version-history":[{"count":0,"href":"https:\/\/www.europesays.com\/fr\/wp-json\/wp\/v2\/posts\/289418\/revisions"}],"wp:featuredmedia":[{"embeddable":true,"href":"https:\/\/www.europesays.com\/fr\/wp-json\/wp\/v2\/media\/289419"}],"wp:attachment":[{"href":"https:\/\/www.europesays.com\/fr\/wp-json\/wp\/v2\/media?parent=289418"}],"wp:term":[{"taxonomy":"category","embeddable":true,"href":"https:\/\/www.europesays.com\/fr\/wp-json\/wp\/v2\/categories?post=289418"},{"taxonomy":"post_tag","embeddable":true,"href":"https:\/\/www.europesays.com\/fr\/wp-json\/wp\/v2\/tags?post=289418"}],"curies":[{"name":"wp","href":"https:\/\/api.w.org\/{rel}","templated":true}]}}