{"id":289420,"date":"2025-08-01T16:35:11","date_gmt":"2025-08-01T16:35:11","guid":{"rendered":"https:\/\/www.europesays.com\/fr\/289420\/"},"modified":"2025-08-01T16:35:11","modified_gmt":"2025-08-01T16:35:11","slug":"sous-les-glaces-de-lantarctique-un-monde-vieux-de-30-millions-dannees-refait-surface","status":"publish","type":"post","link":"https:\/\/www.europesays.com\/fr\/289420\/","title":{"rendered":"Sous les glaces de l\u2019Antarctique, un monde vieux de 30 millions d\u2019ann\u00e9es refait surface"},"content":{"rendered":"<p><img fetchpriority=\"high\" decoding=\"async\" width=\"1024\" height=\"578\" src=\"https:\/\/www.europesays.com\/fr\/wp-content\/uploads\/2025\/08\/antarctique-monde-decouvert-1024x578.webp.webp\" alt=\"Un gigantesque iceberg en Antarctique flottant au large d\u2019une banquise gel\u00e9e.\" class=\"wp-image-985026\"  \/>Sous ces glaces immacul\u00e9es, un \u00e9cosyst\u00e8me insoup\u00e7onn\u00e9 vient d\u2019\u00eatre d\u00e9couvert par des chercheurs \u2013 DailyGeekShow.com<\/p>\n<p><strong>Imaginez un continent fig\u00e9 dans le temps, o\u00f9 des paysages entiers dorment sous des kilom\u00e8tres de glace depuis l\u2019\u00e8re des premiers mammif\u00e8res. <\/strong><\/p>\n<p>Cette vision presque mythologique devient r\u00e9alit\u00e9 : des chercheurs viennent de r\u00e9v\u00e9ler l\u2019existence d\u2019un <strong>territoire fossile parfaitement pr\u00e9serv\u00e9<\/strong>, dissimul\u00e9 sous la calotte glaciaire de l\u2019Antarctique oriental depuis <strong>plus de 30 millions d\u2019ann\u00e9es<\/strong>. Et cette d\u00e9couverte pourrait bien transformer notre compr\u00e9hension du climat terrestre \u00e0 l\u2019\u00e9chelle plan\u00e9taire.<\/p>\n<p>Lire aussi <a href=\"https:\/\/dailygeekshow.com\/arbre-figuier-co2\/\" rel=\"nofollow noopener\" target=\"_blank\">Des alli\u00e9s pr\u00e9cieux : ces arbres africains transforment le CO2 en pierre<\/a><\/p>\n<p>Un paysage sculpt\u00e9 par l\u2019eau avant l\u2019arriv\u00e9e des glaces<\/p>\n<p>Pour remonter aussi loin, il faut plonger dans une \u00e9poque situ\u00e9e entre <strong>80 et 34 millions d\u2019ann\u00e9es<\/strong>. \u00c0 cette p\u00e9riode, l\u2019Antarctique n\u2019\u00e9tait pas encore le d\u00e9sert glac\u00e9 que l\u2019on conna\u00eet aujourd\u2019hui. Il faisait partie du <strong><a href=\"https:\/\/dailygeekshow.com\/gondwana-supercontinent\/\" rel=\"nofollow noopener\" target=\"_blank\">supercontinent<\/a> Gondwana<\/strong>, et de vastes rivi\u00e8res sillonnaient ses terres. C\u2019est elles qui ont lentement sculpt\u00e9 un paysage spectaculaire : <strong>plaines anciennes<\/strong>, <strong>vall\u00e9es profondes<\/strong>, et reliefs d\u2019une <strong>plan\u00e9it\u00e9 surprenante<\/strong>.<\/p>\n<p>Ces formations naturelles, \u00e9tendues sur plus de <strong>3 500 kilom\u00e8tres<\/strong>, sont les vestiges d\u2019un pass\u00e9 oubli\u00e9, fig\u00e9s dans la roche. Elles nous racontent comment l\u2019\u00e9rosion fluviale, bien avant l\u2019apparition de la calotte glaciaire, a model\u00e9 le socle m\u00eame de ce continent isol\u00e9.<\/p>\n<p>Des technologies de pointe pour percer les secrets sous-glaciaires<\/p>\n<p>Cette reconstitution g\u00e9ologique n\u2019aurait jamais \u00e9t\u00e9 possible sans les <strong>progr\u00e8s r\u00e9cents en imagerie <a href=\"https:\/\/dailygeekshow.com\/images-radar-asteroide\/\" rel=\"nofollow noopener\" target=\"_blank\">radar<\/a><\/strong>. En effet, les scientifiques ont utilis\u00e9 des donn\u00e9es collect\u00e9es lors de <strong>quatre campagnes d\u2019exploration a\u00e9rienne<\/strong>. Gr\u00e2ce \u00e0 ces mesures, ils ont pu cartographier la topographie cach\u00e9e sous plusieurs kilom\u00e8tres de glace.<\/p>\n<p>Lire aussi <a href=\"https:\/\/dailygeekshow.com\/terre-boule-neige-volcan\/\" rel=\"nofollow noopener\" target=\"_blank\">Le responsable de la \u00ab Terre boule de neige \u00bb, il y a 720 millions d\u2019ann\u00e9es, enfin identifi\u00e9 ?<\/a><\/p>\n<p>\u00c0 leur grande surprise, ils ont d\u00e9couvert des <strong>surfaces incroyablement planes<\/strong>, pr\u00e9sentes dans toutes les r\u00e9gions analys\u00e9es. Ce motif r\u00e9current sugg\u00e8re qu\u2019un processus commun s\u2019est produit \u00e0 grande \u00e9chelle, bien avant que l\u2019Antarctique ne g\u00e8le. Autre r\u00e9v\u00e9lation importante : contrairement \u00e0 ce que l\u2019on pensait, la calotte glaciaire n\u2019a pas toujours \u00e9rod\u00e9 ces reliefs. Dans certains cas, elle a m\u00eame <strong>prot\u00e9g\u00e9 ces formations anciennes<\/strong>, comme une armure de glace contre le temps.<\/p>\n<p>Une influence directe sur la fonte des glaces et le niveau des mers<\/p>\n<p>Mais cette d\u00e9couverte ne se limite pas \u00e0 la curiosit\u00e9 g\u00e9ologique. Elle a des <strong>implications concr\u00e8tes sur le climat actuel<\/strong>. En effet, ces reliefs fossiles modifient la mani\u00e8re dont les <strong>glaces <a href=\"https:\/\/dailygeekshow.com\/lantarctique-frappe-par-des-fleuves-dair-chaud-un-mecanisme-invisible-qui-inquiete-les-chercheurs\/\" rel=\"nofollow noopener\" target=\"_blank\">antarctiques<\/a> s\u2019\u00e9coulent vers l\u2019oc\u00e9an<\/strong>. Les <strong>surfaces planes ralentissent la glace<\/strong>, tandis que les vall\u00e9es profondes cr\u00e9ent de v\u00e9ritables <strong>couloirs de fonte rapide<\/strong>.<\/p>\n<p>Or, l\u2019Antarctique contient assez de glace pour provoquer une <strong>\u00e9l\u00e9vation du niveau de la mer de plus de 50 m\u00e8tres<\/strong>. Comprendre les m\u00e9canismes de glissement devient donc <strong>absolument vital<\/strong> pour anticiper les impacts du r\u00e9chauffement climatique. D\u00e9sormais, les chercheurs int\u00e8grent ces donn\u00e9es dans leurs <strong>mod\u00e8les <a href=\"https:\/\/dailygeekshow.com\/entre-cauchemar-climatique-et-reve-sportif-jamais-un-tour-de-france-navait-traverse-un-ete-aussi-extreme\/\" rel=\"nofollow noopener\" target=\"_blank\">climatiques<\/a><\/strong> pour affiner les pr\u00e9dictions futures.<\/p>\n<p>Lire aussi <a href=\"https:\/\/dailygeekshow.com\/seuil-climatique-critique\/\" rel=\"nofollow noopener\" target=\"_blank\">Nous sommes \u00e0 moins de trois ans d\u2019un seuil climatique critique, selon les climatologues<\/a><\/p>\n<p>Une capsule temporelle pr\u00e9cieuse pour mieux comprendre l\u2019avenir<\/p>\n<p>Ce monde enfoui agit comme une <strong>v\u00e9ritable capsule temporelle g\u00e9ologique<\/strong>. En explorant ce pass\u00e9 fossilis\u00e9, les scientifiques d\u00e9couvrent non seulement <strong>comment la Terre a \u00e9volu\u00e9<\/strong>, mais aussi <strong>comment elle pourrait r\u00e9agir demain<\/strong>. La prochaine \u00e9tape ? Forer \u00e0 travers la glace pour pr\u00e9lever des <strong>\u00e9chantillons de roche<\/strong>, et ainsi mieux comprendre l\u2019histoire de ce sol antique.<\/p>\n<p>Finalement, cette d\u00e9couverte spectaculaire nous rappelle une chose essentielle : pour mieux comprendre notre avenir climatique, il faut parfois plonger tr\u00e8s loin dans le pass\u00e9.<\/p>\n","protected":false},"excerpt":{"rendered":"Sous ces glaces immacul\u00e9es, un \u00e9cosyst\u00e8me insoup\u00e7onn\u00e9 vient d\u2019\u00eatre d\u00e9couvert par des chercheurs \u2013 DailyGeekShow.com Imaginez un continent&hellip;\n","protected":false},"author":2,"featured_media":289421,"comment_status":"","ping_status":"","sticky":false,"template":"","format":"standard","meta":{"footnotes":""},"categories":[7],"tags":[1011,27,43,40,41,39,42,44],"class_list":{"0":"post-289420","1":"post","2":"type-post","3":"status-publish","4":"format-standard","5":"has-post-thumbnail","7":"category-sciences-et-technologies","8":"tag-fr","9":"tag-france","10":"tag-science","11":"tag-science-and-technology","12":"tag-sciences","13":"tag-sciences-et-technologies","14":"tag-technologies","15":"tag-technology"},"share_on_mastodon":{"url":"https:\/\/pubeurope.com\/@fr\/114954484139394216","error":""},"_links":{"self":[{"href":"https:\/\/www.europesays.com\/fr\/wp-json\/wp\/v2\/posts\/289420","targetHints":{"allow":["GET"]}}],"collection":[{"href":"https:\/\/www.europesays.com\/fr\/wp-json\/wp\/v2\/posts"}],"about":[{"href":"https:\/\/www.europesays.com\/fr\/wp-json\/wp\/v2\/types\/post"}],"author":[{"embeddable":true,"href":"https:\/\/www.europesays.com\/fr\/wp-json\/wp\/v2\/users\/2"}],"replies":[{"embeddable":true,"href":"https:\/\/www.europesays.com\/fr\/wp-json\/wp\/v2\/comments?post=289420"}],"version-history":[{"count":0,"href":"https:\/\/www.europesays.com\/fr\/wp-json\/wp\/v2\/posts\/289420\/revisions"}],"wp:featuredmedia":[{"embeddable":true,"href":"https:\/\/www.europesays.com\/fr\/wp-json\/wp\/v2\/media\/289421"}],"wp:attachment":[{"href":"https:\/\/www.europesays.com\/fr\/wp-json\/wp\/v2\/media?parent=289420"}],"wp:term":[{"taxonomy":"category","embeddable":true,"href":"https:\/\/www.europesays.com\/fr\/wp-json\/wp\/v2\/categories?post=289420"},{"taxonomy":"post_tag","embeddable":true,"href":"https:\/\/www.europesays.com\/fr\/wp-json\/wp\/v2\/tags?post=289420"}],"curies":[{"name":"wp","href":"https:\/\/api.w.org\/{rel}","templated":true}]}}