{"id":289422,"date":"2025-08-01T16:36:15","date_gmt":"2025-08-01T16:36:15","guid":{"rendered":"https:\/\/www.europesays.com\/fr\/289422\/"},"modified":"2025-08-01T16:36:15","modified_gmt":"2025-08-01T16:36:15","slug":"les-droits-de-douane-de-trump-fachent-les-marches-des-pays-esperent-encore-des-ristournes-actualites","status":"publish","type":"post","link":"https:\/\/www.europesays.com\/fr\/289422\/","title":{"rendered":"Les droits de douane de Trump f\u00e2chent les march\u00e9s, des pays esp\u00e8rent encore des ristournes : Actualit\u00e9s"},"content":{"rendered":"<p class=\"lead \">L&rsquo;officialisation des nouveaux droits de douane am\u00e9ricains a fait passer vendredi les Bourses mondiales dans le rouge, m\u00eame si le report de leur application au 7 ao\u00fbt conduit plusieurs pays \u00e0 n\u00e9gocier jusqu&rsquo;au dernier moment avec Donald Trump pour \u00e9viter des surtaxes trop importantes.<\/p>\n<p class=\"lead \">En souhaitant \u00ab\u00a0restructurer le commerce mondial au b\u00e9n\u00e9fice des salari\u00e9s am\u00e9ricains\u00a0\u00bb par des droits de douane allant de 10% \u00e0 41% \u00e0 l&rsquo;encontre de quelque 70 partenaires commerciaux, Washington plonge une nouvelle fois l&rsquo;\u00e9conomie mondiale dans une grande incertitude.<\/p>\n<p class=\"lead \">Si certains pays asiatiques se f\u00e9licitent des accords trouv\u00e9s, d&rsquo;autres, comme la Suisse, sont encore sous le choc de ces nouvelles barri\u00e8res commerciales parfois prohibitives.<\/p>\n<p class=\"lead \">Les march\u00e9s financiers ont mal r\u00e9agi vendredi \u00e0 cette nouvelle donne. Les places europ\u00e9ennes ont cl\u00f4tur\u00e9 en forte baisse, avec par exemple Paris \u00e0 -2,91%. Wall Street s&rsquo;inscrivait dans la m\u00eame dynamique, le S&amp;P 500 reculant de 1,33% et le Nasdaq de 1,76% vers 15H50 GMT.<\/p>\n<p class=\"lead \">Ils s&rsquo;inqui\u00e8tent de plus en plus des effets sur l&rsquo;\u00e9conomie, notamment am\u00e9ricaine, alors m\u00eame qu&rsquo;un nouveau signe de ralentissement est apparu, avec un taux de ch\u00f4mage publi\u00e9 en l\u00e9g\u00e8re hausse vendredi, \u00e0 4,2% et des embauches qui ralentissent plus qu&rsquo;attendu.<\/p>\n<p class=\"lead \">Donald Trump, partisan d&rsquo;un protectionnisme d\u00e9complex\u00e9, a sign\u00e9 jeudi soir le d\u00e9cret d\u2019application en accordant un r\u00e9pit de quelques jours.<\/p>\n<p class=\"lead \">Ces nouvelles taxes sur les importations prendront effet, pour l&rsquo;essentiel des pays, le 7 ao\u00fbt, et non ce vendredi 1er ao\u00fbt comme attendu initialement, afin de permettre aux douanes de s&rsquo;organiser pour leur collecte, assure la Maison Blanche.<\/p>\n<p class=\"lead \">Mais ce report offre une fen\u00eatre pour d&rsquo;ultimes pourparlers, veulent croire plusieurs pays. <\/p>\n<p class=\"lead \">&#8211; La Suisse surprise, pas l&rsquo;UE &#8211;<\/p>\n<p class=\"lead \"><img decoding=\"async\" class=\"w-100\" src=\"https:\/\/www.europesays.com\/fr\/wp-content\/uploads\/2025\/08\/2275\/actu\/afp-news\/712a442e-73c2-4410-909b-0e4be8c73aa9-4.jpg\" alt=\"\"\/> L&rsquo;Afrique du Sud est ainsi engag\u00e9e dans des \u00ab\u00a0n\u00e9gociations intensives\u00a0\u00bb, a d\u00e9clar\u00e9 son pr\u00e9sident, Cyril Ramaphosa, face aux 30% impos\u00e9s par Washington qui menacent, selon la banque centrale du pays, 100.000 emplois.<\/p>\n<p class=\"lead \">Ta\u00efwan, avec son industrie des puces \u00e9lectroniques, est frapp\u00e9 d&rsquo;une surtaxe de 20% mais \u00ab\u00a0s&rsquo;efforcera d&rsquo;obtenir un niveau raisonnable de droits de douane\u00a0\u00bb, a d\u00e9clar\u00e9 son pr\u00e9sident Lai Ching-te.<\/p>\n<p class=\"lead \">La Suisse a elle \u00e9t\u00e9 surprise par une surtaxe de 39% sur ses produits import\u00e9s aux \u00c9tats-Unis, un chiffre bien sup\u00e9rieur \u00e0 celui qui frappe l&rsquo;Union europ\u00e9enne. Son gouvernement, malgr\u00e9 son \u00ab\u00a0grand regret\u00a0\u00bb, \u00ab\u00a0aspire toujours \u00e0 trouver une solution n\u00e9goci\u00e9e\u00a0\u00bb.<\/p>\n<p class=\"lead \">Pour d&rsquo;autres pays, pas de surprise. La surtaxe affich\u00e9e dans le d\u00e9cret est celle obtenue apr\u00e8s des mois de n\u00e9gociations avec Washington qui a cherch\u00e9 \u00e0 obtenir d&rsquo;eux le plus de concessions possibles, sans subir de repr\u00e9sailles.<\/p>\n<p class=\"lead \">L&rsquo;Union europ\u00e9enne (UE), le Japon ou la Cor\u00e9e du Sud voient ainsi leurs produits tax\u00e9s \u00e0 hauteur de 15%, et le Royaume-Uni de 10%.<\/p>\n<p class=\"lead \">&#8211; Mesure politique &#8211;<\/p>\n<p class=\"lead \">De nombreux secteurs s&rsquo;inqui\u00e8tent. <\/p>\n<p class=\"lead \"> En Allemagne, celui de la bi\u00e8re, d\u00e9j\u00e0 en perte de vitesse, craint pour ses exportations, qui repr\u00e9sentent pr\u00e8s d&rsquo;un cinqui\u00e8me des ventes. <\/p>\n<p class=\"lead \">En France, la fili\u00e8re viticole, qui anticipe jusqu&rsquo;\u00e0 un milliard d&rsquo;euros de perte en chiffre d&rsquo;affaires, \u00ab\u00a0esp\u00e8re pouvoir b\u00e9n\u00e9ficier d&rsquo;une exemption\u00a0\u00bb, a d\u00e9clar\u00e9 Jean-Marie Fabre, l&rsquo;un de ses repr\u00e9sentants. <\/p>\n<p class=\"lead \">La Chine, en n\u00e9gociations avec les \u00c9tats-Unis pour prolonger leur tr\u00eave commerciale courant jusqu&rsquo;au 12 ao\u00fbt, a d\u00e9nonc\u00e9 vendredi un protectionnisme qui nuit \u00e0 \u00ab\u00a0toutes les parties\u00a0\u00bb.<\/p>\n<p class=\"lead \">Ces droits de douane sont aussi un moyen de pression politique pour Donald Trump. Le Br\u00e9sil, coupable aux yeux de Donald Trump de poursuivre en justice son alli\u00e9 d&rsquo;extr\u00eame droite, l&rsquo;ancien pr\u00e9sident Jair Bolsonaro, va voir ses produits entrant aux \u00c9tats-Unis tax\u00e9 \u00e0 50%.<\/p>\n<p class=\"lead \">Quant au Canada, le voisin et alli\u00e9 de Washington, il a appris jeudi soir que les droits de douane appliqu\u00e9s \u00e0 ses produits allaient passer de 25% \u00e0 35% d\u00e8s ce vendredi, sauf s&rsquo;ils sont couverts par l&rsquo;accord de libre-\u00e9change entre les trois pays d&rsquo;Am\u00e9rique du Nord (ACEUM). Ces derniers repr\u00e9sentent cependant l&rsquo;immense majorit\u00e9 des produits canadiens entrant aux Etats-Unis, ce qui att\u00e9nue fortement le choc potentiel qu&rsquo;aurait pu provoquer cette surtaxe.<\/p>\n<p class=\"lead \">Le Mexique a de son c\u00f4t\u00e9 obtenu un sursis de 90 jours.<\/p>\n<p class=\"lead \">Certains semblent n\u00e9anmoins satisfaits des accords conclut, comme le Bangladesh, la Malaisie ou la Tha\u00eflande, o\u00f9 le gouvernement parle d&rsquo;une \u00ab\u00a0approche gagnant-gagnant\u00a0\u00bb.<\/p>\n<p class=\"small font-weight-bold text-gray3 \"> publi\u00e9 le 1 ao\u00fbt \u00e0 18h00, AFP<\/p>\n<p>                             Partager<\/p>\n","protected":false},"excerpt":{"rendered":"L&rsquo;officialisation des nouveaux droits de douane am\u00e9ricains a fait passer vendredi les Bourses mondiales dans le rouge, m\u00eame&hellip;\n","protected":false},"author":2,"featured_media":289423,"comment_status":"","ping_status":"","sticky":false,"template":"","format":"standard","meta":{"footnotes":""},"categories":[6],"tags":[13790,35,215,2822,33,34,1011,27,418,316,7764,308],"class_list":{"0":"post-289422","1":"post","2":"type-post","3":"status-publish","4":"format-standard","5":"has-post-thumbnail","7":"category-economie","8":"tag-conomie","9":"tag-business","10":"tag-commerce","11":"tag-douanes","12":"tag-economie","13":"tag-economy","14":"tag-fr","15":"tag-france","16":"tag-gouvernement","17":"tag-politique","18":"tag-sidrurgie","19":"tag-usa"},"share_on_mastodon":{"url":"https:\/\/pubeurope.com\/@fr\/114954487942783100","error":""},"_links":{"self":[{"href":"https:\/\/www.europesays.com\/fr\/wp-json\/wp\/v2\/posts\/289422","targetHints":{"allow":["GET"]}}],"collection":[{"href":"https:\/\/www.europesays.com\/fr\/wp-json\/wp\/v2\/posts"}],"about":[{"href":"https:\/\/www.europesays.com\/fr\/wp-json\/wp\/v2\/types\/post"}],"author":[{"embeddable":true,"href":"https:\/\/www.europesays.com\/fr\/wp-json\/wp\/v2\/users\/2"}],"replies":[{"embeddable":true,"href":"https:\/\/www.europesays.com\/fr\/wp-json\/wp\/v2\/comments?post=289422"}],"version-history":[{"count":0,"href":"https:\/\/www.europesays.com\/fr\/wp-json\/wp\/v2\/posts\/289422\/revisions"}],"wp:featuredmedia":[{"embeddable":true,"href":"https:\/\/www.europesays.com\/fr\/wp-json\/wp\/v2\/media\/289423"}],"wp:attachment":[{"href":"https:\/\/www.europesays.com\/fr\/wp-json\/wp\/v2\/media?parent=289422"}],"wp:term":[{"taxonomy":"category","embeddable":true,"href":"https:\/\/www.europesays.com\/fr\/wp-json\/wp\/v2\/categories?post=289422"},{"taxonomy":"post_tag","embeddable":true,"href":"https:\/\/www.europesays.com\/fr\/wp-json\/wp\/v2\/tags?post=289422"}],"curies":[{"name":"wp","href":"https:\/\/api.w.org\/{rel}","templated":true}]}}