{"id":289426,"date":"2025-08-01T16:38:14","date_gmt":"2025-08-01T16:38:14","guid":{"rendered":"https:\/\/www.europesays.com\/fr\/289426\/"},"modified":"2025-08-01T16:38:14","modified_gmt":"2025-08-01T16:38:14","slug":"le-corps-du-tireur-retrouve","status":"publish","type":"post","link":"https:\/\/www.europesays.com\/fr\/289426\/","title":{"rendered":"le corps du tireur retrouv\u00e9 ?"},"content":{"rendered":"<p>Vers 16 h 30 ce vendredi,\u00a072 gendarmes \u00e9taient \u00e0 Lamarche-sur-Sa\u00f4ne, au niveau d&rsquo;une aire de pique-nique. Selon nos informations, c&rsquo;est sur ce site que le corps du principal suspect aurait \u00e9t\u00e9 retrouv\u00e9.<\/p>\n<p>Selon\u00a0une information de\u00a0la gendarmerie, relay\u00e9e par l&rsquo;AFP, 161 militaires ont \u00e9t\u00e9 mobilis\u00e9s pour cette vaste op\u00e9ration au sujet de laquelle les forces de l&rsquo;ordre ne veulent rien dire : de gendarmes du Peloton de surveillance et d&rsquo;intervention (PSIG), de la Cellule identification criminelle, ainsi que de la Section de recherches, avec des renforts du Groupe d&rsquo;intervention de la Gendarmerie nationale (GIGN), de gendarmes mobiles et de la section a\u00e9rienne.<\/p>\n","protected":false},"excerpt":{"rendered":"Vers 16 h 30 ce vendredi,\u00a072 gendarmes \u00e9taient \u00e0 Lamarche-sur-Sa\u00f4ne, au niveau d&rsquo;une aire de pique-nique. Selon nos&hellip;\n","protected":false},"author":2,"featured_media":289427,"comment_status":"","ping_status":"","sticky":false,"template":"","format":"standard","meta":{"footnotes":""},"categories":[4],"tags":[11,42836,2931,8588,2664,274,107,1011,27,42837,12,25],"class_list":{"0":"post-289426","1":"post","2":"type-post","3":"status-publish","4":"format-standard","5":"has-post-thumbnail","7":"category-france","8":"tag-actualites","9":"tag-bressey-sur-tille","10":"tag-cote-dor","11":"tag-edition-dijon-et-son-agglomeration","12":"tag-edition-region-dijonnaise","13":"tag-faits-divers-justice","14":"tag-fil-info","15":"tag-fr","16":"tag-france","17":"tag-lamarche-sur-saone","18":"tag-news","19":"tag-republique-francaise"},"share_on_mastodon":{"url":"https:\/\/pubeurope.com\/@fr\/114954495920306562","error":""},"_links":{"self":[{"href":"https:\/\/www.europesays.com\/fr\/wp-json\/wp\/v2\/posts\/289426","targetHints":{"allow":["GET"]}}],"collection":[{"href":"https:\/\/www.europesays.com\/fr\/wp-json\/wp\/v2\/posts"}],"about":[{"href":"https:\/\/www.europesays.com\/fr\/wp-json\/wp\/v2\/types\/post"}],"author":[{"embeddable":true,"href":"https:\/\/www.europesays.com\/fr\/wp-json\/wp\/v2\/users\/2"}],"replies":[{"embeddable":true,"href":"https:\/\/www.europesays.com\/fr\/wp-json\/wp\/v2\/comments?post=289426"}],"version-history":[{"count":0,"href":"https:\/\/www.europesays.com\/fr\/wp-json\/wp\/v2\/posts\/289426\/revisions"}],"wp:featuredmedia":[{"embeddable":true,"href":"https:\/\/www.europesays.com\/fr\/wp-json\/wp\/v2\/media\/289427"}],"wp:attachment":[{"href":"https:\/\/www.europesays.com\/fr\/wp-json\/wp\/v2\/media?parent=289426"}],"wp:term":[{"taxonomy":"category","embeddable":true,"href":"https:\/\/www.europesays.com\/fr\/wp-json\/wp\/v2\/categories?post=289426"},{"taxonomy":"post_tag","embeddable":true,"href":"https:\/\/www.europesays.com\/fr\/wp-json\/wp\/v2\/tags?post=289426"}],"curies":[{"name":"wp","href":"https:\/\/api.w.org\/{rel}","templated":true}]}}