{"id":289434,"date":"2025-08-01T16:42:11","date_gmt":"2025-08-01T16:42:11","guid":{"rendered":"https:\/\/www.europesays.com\/fr\/289434\/"},"modified":"2025-08-01T16:42:11","modified_gmt":"2025-08-01T16:42:11","slug":"hommage-a-jean-pierre-humblot-22-ans-apres-sa-mort-jete-dans-le-canal","status":"publish","type":"post","link":"https:\/\/www.europesays.com\/fr\/289434\/","title":{"rendered":"hommage \u00e0 Jean-Pierre Humblot, 22 ans apr\u00e8s sa mort, jet\u00e9 dans le canal"},"content":{"rendered":"<p>Tous les ans, le 1er \u00a0ao\u00fbt, a lieu un rassemblement \u00e0 la m\u00e9moire de Jean-Pierre Humblot, dit \u00ab\u00a0Jeannot\u00a0\u00bb, <a href=\"https:\/\/www.estrepublicain.fr\/faits-divers-justice\/2025\/07\/31\/jeannot-est-mort-noye-parce-qu-homo-il-faut-s-en-souvenir-encore\" target=\"_blank\" rel=\"noopener\">jet\u00e9 dans le canal de la Marne-au-Rhin parce qu\u2019homosexuel.<\/a> Il ne survivra pas \u00e0 cette agression. Cela fait vingt-deux ans que le drame s\u2019est produit.<\/p>\n<p>Cette ann\u00e9e, ils \u00e9taient une cinquantaine \u00e0 se retrouver autour de la st\u00e8le, \u00e9rig\u00e9e pour ne pas oublier la figure embl\u00e9matique de Nancy, mais aussi toutes les victimes des violences du m\u00eame nom. Plusieurs \u00e9lus ont tenu \u00e0 venir sur les lieux, le maire de ville <a href=\"https:\/\/www.estrepublicain.fr\/p\/mathieu-klein\" target=\"_blank\" rel=\"noopener\">Mathieu Klein<\/a>, le s\u00e9nateur <a href=\"https:\/\/www.estrepublicain.fr\/p\/olivier-jacquin\" target=\"_blank\" rel=\"noopener\">Olivier Jacquin<\/a> et le conseiller d\u00e9partemental d\u00e9l\u00e9gu\u00e9 aux territoires Anthony Perrin.<\/p>\n<p>Ils ont chacun \u00e0 leur tour, d\u00e9pos\u00e9 une gerbe au pied du petit m\u00e9morial. Lors des hommages, le maire a d\u00e9nonc\u00e9 \u00ab\u00a0une haine plus d\u00e9complex\u00e9e et sophistiqu\u00e9, mais qui n\u2019enl\u00e8ve rien au caract\u00e8re du message\u00a0\u00bb, tout en appelant \u00e0 s\u2019unir pour pr\u00e9venir ces agressions.<\/p>\n<p>Derri\u00e8re ce rassemblement annuel, ce sont les membres de l\u2019association LGBT \u00c9quinoxe qui sont \u00e0 la man\u0153uvre. Ils ont choisi la forme \u00e9pistolaire, adress\u00e9e \u00e0 leur ami Jeannot. \u00ab\u00a0Notre communaut\u00e9 ne va bien, le rejet de l\u2019autre s\u2019installe m\u00eame chez nous\u2026 Homo, trans, non binaire qu\u2019est-ce que \u00e7a peut faire\u00a0? Nous d\u00e9fendons la m\u00eame cause\u00a0\u00bb, ont-ils d\u00e9clar\u00e9. L\u2019occasion pour eux, de rappeler que l\u2019homophobie est toujours d\u2019actualit\u00e9.<\/p>\n","protected":false},"excerpt":{"rendered":"Tous les ans, le 1er \u00a0ao\u00fbt, a lieu un rassemblement \u00e0 la m\u00e9moire de Jean-Pierre Humblot, dit \u00ab\u00a0Jeannot\u00a0\u00bb,&hellip;\n","protected":false},"author":2,"featured_media":289435,"comment_status":"","ping_status":"","sticky":false,"template":"","format":"standard","meta":{"footnotes":""},"categories":[9635],"tags":[1111,11,1704,1777,674,274,1011,27,775,3457,1702,1703,12,25,104],"class_list":{"0":"post-289434","1":"post","2":"type-post","3":"status-publish","4":"format-standard","5":"has-post-thumbnail","7":"category-nancy","8":"tag-actu","9":"tag-actualites","10":"tag-edition-nancy-et-agglomeration","11":"tag-eu","12":"tag-europe","13":"tag-faits-divers-justice","14":"tag-fr","15":"tag-france","16":"tag-grand-est","17":"tag-meurthe-et-moselle","18":"tag-nancy","19":"tag-nancy-ville-54b","20":"tag-news","21":"tag-republique-francaise","22":"tag-societe"},"share_on_mastodon":{"url":"https:\/\/pubeurope.com\/@fr\/114954511663118247","error":""},"_links":{"self":[{"href":"https:\/\/www.europesays.com\/fr\/wp-json\/wp\/v2\/posts\/289434","targetHints":{"allow":["GET"]}}],"collection":[{"href":"https:\/\/www.europesays.com\/fr\/wp-json\/wp\/v2\/posts"}],"about":[{"href":"https:\/\/www.europesays.com\/fr\/wp-json\/wp\/v2\/types\/post"}],"author":[{"embeddable":true,"href":"https:\/\/www.europesays.com\/fr\/wp-json\/wp\/v2\/users\/2"}],"replies":[{"embeddable":true,"href":"https:\/\/www.europesays.com\/fr\/wp-json\/wp\/v2\/comments?post=289434"}],"version-history":[{"count":0,"href":"https:\/\/www.europesays.com\/fr\/wp-json\/wp\/v2\/posts\/289434\/revisions"}],"wp:featuredmedia":[{"embeddable":true,"href":"https:\/\/www.europesays.com\/fr\/wp-json\/wp\/v2\/media\/289435"}],"wp:attachment":[{"href":"https:\/\/www.europesays.com\/fr\/wp-json\/wp\/v2\/media?parent=289434"}],"wp:term":[{"taxonomy":"category","embeddable":true,"href":"https:\/\/www.europesays.com\/fr\/wp-json\/wp\/v2\/categories?post=289434"},{"taxonomy":"post_tag","embeddable":true,"href":"https:\/\/www.europesays.com\/fr\/wp-json\/wp\/v2\/tags?post=289434"}],"curies":[{"name":"wp","href":"https:\/\/api.w.org\/{rel}","templated":true}]}}