{"id":289436,"date":"2025-08-01T16:43:11","date_gmt":"2025-08-01T16:43:11","guid":{"rendered":"https:\/\/www.europesays.com\/fr\/289436\/"},"modified":"2025-08-01T16:43:11","modified_gmt":"2025-08-01T16:43:11","slug":"apres-la-carte-senior-gratuite-la-metropole-vise-la-gratuite-pour-les-personnes-handicapees-et-les-jours-feries","status":"publish","type":"post","link":"https:\/\/www.europesays.com\/fr\/289436\/","title":{"rendered":"apr\u00e8s la carte Senior gratuite, la M\u00e9tropole vise la gratuit\u00e9 pour les personnes handicap\u00e9es et les jours f\u00e9ri\u00e9s"},"content":{"rendered":"<p>  16 500 cartes d\u00e9livr\u00e9es<\/p>\n<p>\u00c0 l\u2019heure o\u00f9 cette gratuit\u00e9 entrait en vigueur, quelque 16 500 cartes Seniors ont \u00e9t\u00e9 d\u00e9livr\u00e9es par l\u2019exploitant du r\u00e9seau, Keolis Grand Nancy. Soit \u00ab environ un tiers du public potentiellement concern\u00e9 \u00bb, rappelle le pr\u00e9sident du Grand Nancy Mathieu Klein, en r\u00e9f\u00e9rence aux 46 000 Grands Nanc\u00e9iens ayant atteint les 65 ans. <a href=\"https:\/\/www.estrepublicain.fr\/transport\/2025\/07\/23\/bus-bientot-gratuits-pour-les-seniors-du-monde-au-guichet\" target=\"_blank\" rel=\"nofollow noopener\">Une proportion qui va cro\u00eetre, les dossiers de demande d\u2019abonnement gratuit continuant d\u2019arriver \u00e0 Keolis.<\/a> \u00a0 <\/p>\n<p><a href=\"https:\/\/www.estrepublicain.fr\/transport\/2023\/12\/07\/le-reseau-de-bus-en-difficulte-cela-va-s-arranger-au-fil-des-etapes-souligne-la-directrice-de-keolis\" target=\"_blank\" rel=\"nofollow noopener\">La directrice Ga\u00eblle Bardoul<\/a> pr\u00e9cisant, \u00e0 ce propos, que \u00ab les rendez-vous dans les communes via la Mobil Stan (NDLR : minibus d\u2019information) se poursuivront, \u00e0 la demande des communes. \u00bb<\/p>\n<p>Concernant ces dossiers, autre pr\u00e9cision de Ga\u00eblle Bardoul : \u00ab La photo d\u2019identit\u00e9 apport\u00e9e doit \u00eatre assez r\u00e9cente, pour que l\u2019on puisse reconna\u00eetre l\u2019usager\u2026 \u00bb<\/p>\n<p>  Validation exig\u00e9e<\/p>\n<p>A l\u2019instar des <a href=\"https:\/\/www.estrepublicain.fr\/transport\/2022\/01\/22\/transports-gratuits-30000-jeunes-potentiellement-beneficiaires\" target=\"_blank\" rel=\"nofollow noopener\">moins de 18 ans, pour qui la gratuit\u00e9 est d\u00e9j\u00e0 de mise,<\/a> les seniors doivent valider leur titre de transport en montant dans le bus. \u00ab Cela nous permettra de conna\u00eetre et de suivre la fr\u00e9quentation, et \u00e9ventuellement d\u2019ajuster des lignes \u00bb, souligne Ga\u00eblle Bardoul. Pour ces deux cat\u00e9gories d\u2019\u00e2ge, voyager sans valider sa carte expose \u00e0 une amende de 5 \u20ac. Et voyager sans sa carte sur soi, \u00e0 un PV classique : 100 \u20ac (60 \u20ac si pay\u00e9 dans les 3 jours).<\/p>\n<p>  Et ensuite ?<\/p>\n<p>Apr\u00e8s la gratuit\u00e9 pour tous les week-ends (depuis 2020), pour les mineurs de la m\u00e9tropole (en 2022), et donc pour les seniors, certaines personnes en situation de handicap s\u2019interrogent : pourquoi pas elles ? Cela pourrait venir, mais pas cette ann\u00e9e. \u00ab M\u00eame <a href=\"https:\/\/www.estrepublicain.fr\/transport\/2025\/07\/25\/transports-de-personnes-handicapees-le-groupe-ulysse-prendra-le-relais-de-synerghip-liquidee\" target=\"_blank\" rel=\"nofollow noopener\">si ce service existe d\u00e9j\u00e0 mais diff\u00e9remment, avec Handistan<\/a> , je comprends cette demande et cela ferait en effet partie des prochains objectifs \u00bb, note Mathieu Klein \u00e0 ce propos. Sous-entendu : en cas de second mandat. Idem pour la gratuit\u00e9 des transports les jours f\u00e9ri\u00e9s, qui ne sera pas pour cette ann\u00e9e. Mais cela mettrait alors les bus sur un pied d\u2019\u00e9galit\u00e9 avec la voiture : <a href=\"https:\/\/www.estrepublicain.fr\/transport\/2025\/01\/18\/le-stationnement-sur-voirie-coutera-bientot-un-peu-plus-cher\" target=\"_blank\" rel=\"nofollow noopener\">le stationnement sur voirie<\/a> est, lui, est gratuit \u00e0 Nancy les jours f\u00e9ri\u00e9s\u2026<\/p>\n","protected":false},"excerpt":{"rendered":"16 500 cartes d\u00e9livr\u00e9es \u00c0 l\u2019heure o\u00f9 cette gratuit\u00e9 entrait en vigueur, quelque 16 500 cartes Seniors ont&hellip;\n","protected":false},"author":2,"featured_media":289437,"comment_status":"","ping_status":"","sticky":false,"template":"","format":"standard","meta":{"footnotes":""},"categories":[9635],"tags":[1111,11,1777,674,1011,27,775,1702,1703,12,25,2803],"class_list":{"0":"post-289436","1":"post","2":"type-post","3":"status-publish","4":"format-standard","5":"has-post-thumbnail","7":"category-nancy","8":"tag-actu","9":"tag-actualites","10":"tag-eu","11":"tag-europe","12":"tag-fr","13":"tag-france","14":"tag-grand-est","15":"tag-nancy","16":"tag-nancy-ville-54b","17":"tag-news","18":"tag-republique-francaise","19":"tag-transport"},"share_on_mastodon":{"url":"https:\/\/pubeurope.com\/@fr\/114954515527129277","error":""},"_links":{"self":[{"href":"https:\/\/www.europesays.com\/fr\/wp-json\/wp\/v2\/posts\/289436","targetHints":{"allow":["GET"]}}],"collection":[{"href":"https:\/\/www.europesays.com\/fr\/wp-json\/wp\/v2\/posts"}],"about":[{"href":"https:\/\/www.europesays.com\/fr\/wp-json\/wp\/v2\/types\/post"}],"author":[{"embeddable":true,"href":"https:\/\/www.europesays.com\/fr\/wp-json\/wp\/v2\/users\/2"}],"replies":[{"embeddable":true,"href":"https:\/\/www.europesays.com\/fr\/wp-json\/wp\/v2\/comments?post=289436"}],"version-history":[{"count":0,"href":"https:\/\/www.europesays.com\/fr\/wp-json\/wp\/v2\/posts\/289436\/revisions"}],"wp:featuredmedia":[{"embeddable":true,"href":"https:\/\/www.europesays.com\/fr\/wp-json\/wp\/v2\/media\/289437"}],"wp:attachment":[{"href":"https:\/\/www.europesays.com\/fr\/wp-json\/wp\/v2\/media?parent=289436"}],"wp:term":[{"taxonomy":"category","embeddable":true,"href":"https:\/\/www.europesays.com\/fr\/wp-json\/wp\/v2\/categories?post=289436"},{"taxonomy":"post_tag","embeddable":true,"href":"https:\/\/www.europesays.com\/fr\/wp-json\/wp\/v2\/tags?post=289436"}],"curies":[{"name":"wp","href":"https:\/\/api.w.org\/{rel}","templated":true}]}}