{"id":289438,"date":"2025-08-01T16:44:11","date_gmt":"2025-08-01T16:44:11","guid":{"rendered":"https:\/\/www.europesays.com\/fr\/289438\/"},"modified":"2025-08-01T16:44:11","modified_gmt":"2025-08-01T16:44:11","slug":"voici-tout-ce-quil-faut-savoir-sur-la-plus-grande-boum-de-france-organisee-a-la-seyne","status":"publish","type":"post","link":"https:\/\/www.europesays.com\/fr\/289438\/","title":{"rendered":"Voici tout ce qu&rsquo;il faut savoir sur la plus grande boum de France organis\u00e9e \u00e0 La Seyne"},"content":{"rendered":"<p>Une ville dans la ville! Le parc de la Navale, qui accueille le festival La Kermesse, devrait recevoir pr\u00e8s 60.000 personnes sur trois soirs (vendredi, samedi et dimanche), soit quasiment autant que la population seynoise.<\/p>\n<p>\u00ab\u00a0Ce rendez-vous \u00e0 La Seyne est le plus gros des trois que nous proposons, indique Pierre Abbate, co-organisateur de l\u2019\u00e9v\u00e9nement. A Nice, on accueille 3.200 personnes par soir; \u00e0 Toulouse 5.000. Ici on en aura pr\u00e8s de 20.000 chaque soir\u00a0\u00bb.<\/p>\n<p>Avec une jauge doubl\u00e9e par rapport \u00e0 l\u2019an dernier, tout a \u00e9t\u00e9 revu. \u00ab\u00a0La Ville a permis l\u2019extension de la fan zone (avec un fosse de 5.000m\u00b2) et on a repens\u00e9 tout le plan du site, en remaniant l\u2019emplacement des structures pour accueillir davantage de monde, poursuit Pierre Abbate. L\u2019an dernier, la sc\u00e8ne faisait 22m de long avec, de chaque c\u00f4t\u00e9, plus de 20m d\u2019espaces r\u00e9serv\u00e9s aux porteurs de pass VIP et Premium. Cette fois, ils seront plac\u00e9s devant la sc\u00e8ne, de sorte que celle-ci fera pr\u00e8s de 60m de long. Ce qui permettra d\u2019avoir plus de jeux de sc\u00e8ne et de d\u00e9gager de l\u2019espace pour les instruments des artistes dont beaucoup vont jouer en live\u00a0\u00bb.<\/p>\n<p>Quatre \u00e9crans g\u00e9ants sur le site<\/p>\n<p>En outre, la sc\u00e8ne comportera une avanc\u00e9e de plus de 20 m\u00e8tres dans la fosse pour permettre aux artistes de chanter au milieu du public. Et de chaque c\u00f4t\u00e9, sont positionn\u00e9s des \u00e9crans g\u00e9ants (10m x 4m) qui retransmettront les concerts.<\/p>\n<p>Deux autres de m\u00eame taille sont aussi install\u00e9s sur le site. \u00ab\u00a0Et il y aura beaucoup plus d\u2019effets sp\u00e9ciaux: pyrotechnie, lance-flammes sur le toit et autres surprises. On a \u00e9galement ajout\u00e9 de la puissance sonore pour couvrir davantage de monde\u00a0\u00bb.<\/p>\n<p>              <img ci-src=\"https:\/\/www.varmatin.com\/concerts\/protec\/DATA_ART_16005759-esKyC0J0.jpg?vh=e6d51f&amp;ci_seal=963156324c\" alt=\"\"\/><br \/>\n        Pierre Abbate, co-organisteur du festival, indique qu\u2019un brumisateur g\u00e9ant pourra \u00eatre positionn\u00e9 sur le site.  <strong>Photo F.M..<\/strong> <\/p>\n<p>Par ailleurs, deux petites sc\u00e8nes sont aussi mont\u00e9es avec des DJ locaux et du son des ann\u00e9es 2000: une du c\u00f4t\u00e9 de l\u2019espace d\u00e9tente (anim\u00e9e par Radio Mistral) et une du c\u00f4t\u00e9 de l\u2019espace toilettes. \u00ab\u00a0Ca donnera une atmosph\u00e8re de bodega et \u00e7a rendra ce moment d\u2019attente plus cool avant d\u2019aller aux toilettes!\u00a0\u00bb.<\/p>\n<p>Du reste, pour le confort des festivaliers, le nombre de cabines de toilettes passe de 50 \u00e0 90, avec mise en place d\u2019un tout-\u00e0-l\u2019\u00e9gout (en lieu et place des toilettes chimiques) et de personnel d\u2019entretien qui passera apr\u00e8s chaque visiteur.<\/p>\n<p>Quant au village d\u00e9tente (chill zone), il comportera des stands de pr\u00e9vention, de tatouage, de percing, de maquillage\u2026 mais aussi un \u00e9cran g\u00e9ant avec le jeu Just dance et des chor\u00e9graphies \u00e0 reproduire pour gagner des lots.<\/p>\n<p>70.000 litres de bi\u00e8re en stock<\/p>\n<p>Concernant la restauration: pas de food-trucks, mais des dizaines de tentes align\u00e9es sur pr\u00e8s de 120m\u00e8tres, avec cuisine int\u00e9gr\u00e9e pour un service de qualit\u00e9. Sur chaque tente, est indiqu\u00e9 le type de restauration propos\u00e9e. Quant \u00e0 l\u2019espace bar, il fait\u2026 140m\u00e8tres de long! \u00ab\u00a0En fait, pr\u00e9cise Pierre Abbate, il y a quatre bars pour le public et un cinqui\u00e8me pour les VIP. Et 179 personnes pour les faire fonctionner\u00a0\u00bb.<\/p>\n<p>L\u2019an dernier, 27.000 litres de bi\u00e8re avaient \u00e9t\u00e9 vendus durant les trois jours. Cette ann\u00e9e, les organisateurs en ont pr\u00e9vu\u2026 70.000! Ils sont stock\u00e9s dans des cuves de 1.000 litres r\u00e9frig\u00e9r\u00e9es \u00e0 -4\u00b0, reli\u00e9es entre elles \u00ab\u00a0afin qu\u2019il n\u2019y a aucune manipulation et un service en continu: quand une cuve est vide, la suivante prend le relais automatiquement\u00a0\u00bb.<\/p>\n<p>100.000 bouteilles d\u2019eau ont \u00e9galement \u00e9t\u00e9 pr\u00e9vues, ainsi que des dizaines de milliers de litres de soda et autres boissons rafra\u00eechissantes, vendues aux bars et aux distributeurs automatiques. Notez aussi que des gyrophares de type police sont positionn\u00e9s sur les bars et seront activ\u00e9s quand l\u2019attente y sera r\u00e9duite.<\/p>\n<p>Une puce \u00e9lectronique pour chaque festivalier<\/p>\n<p>Autre innovation cette ann\u00e9e: chaque festivalier sera porteur d\u2019un bracelet, remis \u00e0 l\u2019entr\u00e9e, incluant une puce \u00e9lectronique.<\/p>\n<p>\u00ab\u00a0Chacun pourra ainsi cr\u00e9diter un compte avec son t\u00e9l\u00e9phone, via le QR code, pour faire ses achats sur place (restauration, boisson, achats \u00e0 la boutique\u2026). La puce (qui fonctionne gr\u00e2ce \u00e0 un r\u00e9seau wifi install\u00e9 sur le site) contient aussi la r\u00e9servation du billet; il suffira donc de biper pour entrer les soirs suivants (pour les d\u00e9tenteurs de pass valables plusieurs soirs)\u00a0\u00bb.<\/p>\n<p>\u00ab\u00a0Ce syst\u00e8me, poursuit Pierre Abatte, nous permet aussi de voir comment les gens se d\u00e9placent sur le site durant la soir\u00e9e, \u00e0 quel moment ils se rendent au bar ou \u00e0 la restauration. On a test\u00e9 ce dispositif \u00e0 Nice d\u00e9but juillet, \u00e7a fonctionne tr\u00e8s bien. Ca multiplie par trois la vitesse d\u2019encaissement aux comptoirs. Et \u00e7a nous permet de nous adapter au mieux aux mouvements de foule mais aussi, si on des probl\u00e8mes avec une personne, de lui d\u00e9sactiver la puce. Mais comme on accueille un public tr\u00e8s familial, on n\u2019a jamais eu de souci particulier\u00a0\u00bb.<\/p>\n<p>Un acc\u00e8s unique au site<\/p>\n<p>Contrairement \u00e0 l\u2019an pass\u00e9, tous les acc\u00e8s sont regroup\u00e9s en un point unique: la Porte des chantiers (cours Toussaint Merle) o\u00f9 25 couloirs (files d\u2019attente) sous deux immenses barnums permettront de g\u00e9rer les flux.<\/p>\n<p>Les portes seront ouvertes d\u00e8s 16h, tandis que la fin des concerts est pr\u00e9vue \u00e0 minuit. En revanche, pour les sorties et \u00e9vacuations \u00e9ventuelles, l\u2019entr\u00e9e du parc c\u00f4t\u00e9 h\u00f4tel Mercure sera ouverte.<\/p>\n<p>A quelques heures du coup d\u2019envoi, Pierre Abbate dit n\u2019avoir \u00ab\u00a0aucune crainte. On est pr\u00eat et on a mis tous les moyens n\u00e9cessaires pour que tout se passe bien et que l\u2019exp\u00e9rience du festival soit magique. La seule appr\u00e9hension, c\u2019est la force majeure, comme un \u00e9v\u00e9nement m\u00e9t\u00e9o impr\u00e9vu. Mais jusque-l\u00e0, les conditions s\u2019annoncent tr\u00e8s favorables: un peu de vent demain, mais soleil tout le week-end\u00a0\u00bb. Tout semble donc r\u00e9uni pour assurer le succ\u00e8s de cette troisi\u00e8me \u00e9dition survitamin\u00e9e!<\/p>\n<p>Il reste peu de places<\/p>\n<p>Si les concerts de ce soir sont complets, \u00ab\u00a0il reste 40 \u00e0 50 places pour samedi et dimanche (r\u00e9servations sur le site internet lakermesse.fr). Les \u2018\u2018after\u2019\u2019 au casino Joa sont complets aussi\u00a0\u00bb, indique l\u2019organisation. Le public r\u00e9pond donc massivement \u00e0 l\u2019appel des tubes des ann\u00e9es 2000. \u00ab\u00a0Les gens viennent de toute la France, mais aussi de Suisse et de Belgique et m\u00eame du Canada, ce qui n\u2019est pas le cas \u00e0 Nice ou \u00e0 Toulouse\u00a0\u00bb, pr\u00e9cise Pierre Abbate.<\/p>\n<p>Il faut dire que la programmation \u00e0 La Seyne n\u2019a pas d\u2019\u00e9gal: \u00ab\u00a0Sans compter les artistes locaux qui jouent en d\u00e9but de soir\u00e9e, \u00e0 Nice, nous avions 6 artistes \u2018\u2018t\u00eate d\u2019affiche\u2019\u2019 par jour, nous en avons 8 \u00e0 Toulouse et 11 ici\u00a0\u00bb. Et selon l\u2019organisateur, les artistes ne se font pas prier pour venir: \u00ab\u00a0Tous ceux qui \u00e9taient au top il y a vingt ans adorent revenir jouer leurs tubes de l\u2019\u00e9poque\u00a0\u00bb. Parmi eux: Fatal Bazooka, Shy\u2019m, Oph\u00e9lie Winter, Gilbert Montagn\u00e9, les L5, Kenza Farah, Jessy Matador, Willy Denzey, Boney M, Keen\u2019V, Franky Vincent\u2026 et bien d\u2019autres! Retrouvez la programmation compl\u00e8te sur le site web du festival.<\/p>\n<p>            Desserte et restrictions de circulation<\/p>\n<p>R\u00e9seau Mistral renforce la liaison maritime entre Toulon et La Seyne-Centre en soir\u00e9e. Des bateaux suppl\u00e9mentaires seront mis en place sur la ligne 8M vendredi, samedi et dimanche.<\/p>\n<p>Au d\u00e9part de Toulon \u00e0 21h10 \u2013 22h10 et 23h10.<\/p>\n<p>Et au d\u00e9part de La Seyne \u00e0 21h40 \u2013 22h40 et 23h50. Par ailleurs, des restrictions de circulation sont \u00e0 pr\u00e9voir : entre les ronds-points de la Rotonde et de I&rsquo;IPFM, le cours Toussaint-Merle sera interdit \u00e0 tous v\u00e9hicules et la voie sera barr\u00e9e vendredi, samedi et dimanche de 23 h \u00e0 2 h.<\/p>\n<p>Des d\u00e9viations seront mises en place par la corniche Giovannini et le quai Gabriel-P\u00e9ri, La circulation sur les all\u00e9es Maurice Blanc dans le sens sud-nord (descendant) sera aussi interdite \u00e0 tous v\u00e9hicules vendredi, samedi et dimanche de 23 h \u00e0 2 h.<\/p>\n","protected":false},"excerpt":{"rendered":"Une ville dans la ville! Le parc de la Navale, qui accueille le festival La Kermesse, devrait recevoir&hellip;\n","protected":false},"author":2,"featured_media":289439,"comment_status":"","ping_status":"","sticky":false,"template":"","format":"standard","meta":{"footnotes":""},"categories":[9619],"tags":[1111,11,4156,251,1777,674,1011,27,12,882,25,2310],"class_list":{"0":"post-289438","1":"post","2":"type-post","3":"status-publish","4":"format-standard","5":"has-post-thumbnail","7":"category-toulon","8":"tag-actu","9":"tag-actualites","10":"tag-concerts","11":"tag-culture","12":"tag-eu","13":"tag-europe","14":"tag-fr","15":"tag-france","16":"tag-news","17":"tag-provence-alpes-cote-dazur","18":"tag-republique-francaise","19":"tag-toulon"},"share_on_mastodon":{"url":"https:\/\/pubeurope.com\/@fr\/114954519424770662","error":""},"_links":{"self":[{"href":"https:\/\/www.europesays.com\/fr\/wp-json\/wp\/v2\/posts\/289438","targetHints":{"allow":["GET"]}}],"collection":[{"href":"https:\/\/www.europesays.com\/fr\/wp-json\/wp\/v2\/posts"}],"about":[{"href":"https:\/\/www.europesays.com\/fr\/wp-json\/wp\/v2\/types\/post"}],"author":[{"embeddable":true,"href":"https:\/\/www.europesays.com\/fr\/wp-json\/wp\/v2\/users\/2"}],"replies":[{"embeddable":true,"href":"https:\/\/www.europesays.com\/fr\/wp-json\/wp\/v2\/comments?post=289438"}],"version-history":[{"count":0,"href":"https:\/\/www.europesays.com\/fr\/wp-json\/wp\/v2\/posts\/289438\/revisions"}],"wp:featuredmedia":[{"embeddable":true,"href":"https:\/\/www.europesays.com\/fr\/wp-json\/wp\/v2\/media\/289439"}],"wp:attachment":[{"href":"https:\/\/www.europesays.com\/fr\/wp-json\/wp\/v2\/media?parent=289438"}],"wp:term":[{"taxonomy":"category","embeddable":true,"href":"https:\/\/www.europesays.com\/fr\/wp-json\/wp\/v2\/categories?post=289438"},{"taxonomy":"post_tag","embeddable":true,"href":"https:\/\/www.europesays.com\/fr\/wp-json\/wp\/v2\/tags?post=289438"}],"curies":[{"name":"wp","href":"https:\/\/api.w.org\/{rel}","templated":true}]}}