{"id":289444,"date":"2025-08-01T16:47:10","date_gmt":"2025-08-01T16:47:10","guid":{"rendered":"https:\/\/www.europesays.com\/fr\/289444\/"},"modified":"2025-08-01T16:47:10","modified_gmt":"2025-08-01T16:47:10","slug":"que-sait-on-de-lhomme-soupconne-de-viols-en-serie-sur-les-rives-du-lez","status":"publish","type":"post","link":"https:\/\/www.europesays.com\/fr\/289444\/","title":{"rendered":"que sait-on de l&rsquo;homme soup\u00e7onn\u00e9 de viols en s\u00e9rie sur les rives du Lez\u00a0?"},"content":{"rendered":"<p>            Par<br \/>\n        <strong><br \/>\n            <a href=\"https:\/\/actu.fr\/auteur\/metropoop\" title=\"Consulter tous les articles de R\u00e9daction M\u00e9tropolitain\" rel=\"nofollow noopener\" target=\"_blank\">R\u00e9daction M\u00e9tropolitain<\/a><br \/>\n        <\/strong><\/p>\n<p>        Publi\u00e9 le<\/p>\n<p>            1 ao\u00fbt 2025 \u00e0 18h34<br \/>\n        ; mis \u00e0 jour le 1 ao\u00fbt 2025 \u00e0 18h37    <\/p>\n<p>Un homme d\u2019une quarantaine d\u2019ann\u00e9es a \u00e9t\u00e9 pr\u00e9sent\u00e9<strong> ce vendredi 1er ao\u00fbt 2025<\/strong> devant le parquet de Montpellier. Il est soup\u00e7onn\u00e9 d\u2019avoir commis au moins cinq viols sur la voie publique, dans un laps de temps de trois semaines. Les faits se seraient produits sur les rives du Lez.<\/p>\n<p>    <a href=\"https:\/\/www.google.com\/maps\/embed?pb=!1m18!1m12!1m3!1d5778.326438000022!2d3.8940227764596163!3d43.60314307110468!2m3!1f0!2f0!3f0!3m2!1i1024!2i768!4f13.1!3m3!1m2!1s0x12b6af8461e186e9%3A0x6d7c2d4fcbe845d4!2sRives%20du%20lez!5e0!3m2!1sen!2sfr!4v1754061695789!5m2!1sen!2sfr\" title=\"Ouvrie le lien\" rel=\"nofollow noopener\" target=\"_blank\">Cliquez ici pour visualiser le contenu<\/a><\/p>\n<p class=\" wall-content\">Le parquet a requis son placement en d\u00e9tention provisoire. Le suspect doit \u00eatre pr\u00e9sent\u00e9 dans la journ\u00e9e au juge des libert\u00e9s et de la d\u00e9tention. Ce dernier d\u00e9cidera de son incarc\u00e9ration. Une information judiciaire doit \u00eatre ouverte dans les prochaines heures.<\/p>\n<p>Une enqu\u00eate rapide, appuy\u00e9e sur plusieurs t\u00e9moignages<\/p>\n<p class=\" wall-content\">Le mis en cause a \u00e9t\u00e9 interpell\u00e9 <strong>ce mercredi 30 juillet<\/strong> au matin. Les policiers nationaux ont pu proc\u00e9der \u00e0 son arrestation gr\u00e2ce \u00e0 plusieurs t\u00e9moignages concordants. Il s\u2019agit d\u2019un homme sans domicile fixe. Les t\u00e9moignages recueillis \u00e9voquent des agressions sur la voie publique, qui consistaient dans la majorit\u00e9 des cas en des introductions digitales impos\u00e9es sous la contrainte. Les cinq femmes identifi\u00e9es jusqu\u2019ici sont de profils vari\u00e9s. L\u2019enqu\u00eate se poursuit sous l\u2019autorit\u00e9 du juge d\u2019instruction. Les investigations visent \u00e0 v\u00e9rifier si d\u2019autres faits similaires ont pu \u00eatre commis dans la m\u00eame zone.<\/p>\n<p class=\" wall-content\">Suivez toute l\u2019actualit\u00e9 de vos villes et m\u00e9dias favoris en vous inscrivant \u00e0 <a href=\"https:\/\/moncompte.actu.fr\" title=\"D\u00e9couvez Mon Actu\" rel=\"nofollow noopener\" data-trk=\"{&quot;cta&quot;:{&quot;action&quot;:&quot;https:\\\/\\\/moncompte.actu.fr&quot;,&quot;category&quot;:&quot;mon compte&quot;,&quot;from&quot;:&quot;article footer&quot;,&quot;name&quot;:&quot;Mon actu&quot;,&quot;type&quot;:&quot;cta&quot;}}\" target=\"_blank\">Mon Actu<\/a>.<\/p>\n","protected":false},"excerpt":{"rendered":"Par R\u00e9daction M\u00e9tropolitain Publi\u00e9 le 1 ao\u00fbt 2025 \u00e0 18h34 ; mis \u00e0 jour le 1 ao\u00fbt 2025&hellip;\n","protected":false},"author":2,"featured_media":289445,"comment_status":"","ping_status":"","sticky":false,"template":"","format":"standard","meta":{"footnotes":""},"categories":[9599],"tags":[1111,11,1777,674,118,1011,27,303,2208,12,2680,1072,25,799],"class_list":{"0":"post-289444","1":"post","2":"type-post","3":"status-publish","4":"format-standard","5":"has-post-thumbnail","7":"category-montpellier","8":"tag-actu","9":"tag-actualites","10":"tag-eu","11":"tag-europe","12":"tag-faits-divers","13":"tag-fr","14":"tag-france","15":"tag-justice","16":"tag-montpellier","17":"tag-news","18":"tag-occitanie","19":"tag-police","20":"tag-republique-francaise","21":"tag-violences-sexuelles"},"share_on_mastodon":{"url":"https:\/\/pubeurope.com\/@fr\/114954531156127399","error":""},"_links":{"self":[{"href":"https:\/\/www.europesays.com\/fr\/wp-json\/wp\/v2\/posts\/289444","targetHints":{"allow":["GET"]}}],"collection":[{"href":"https:\/\/www.europesays.com\/fr\/wp-json\/wp\/v2\/posts"}],"about":[{"href":"https:\/\/www.europesays.com\/fr\/wp-json\/wp\/v2\/types\/post"}],"author":[{"embeddable":true,"href":"https:\/\/www.europesays.com\/fr\/wp-json\/wp\/v2\/users\/2"}],"replies":[{"embeddable":true,"href":"https:\/\/www.europesays.com\/fr\/wp-json\/wp\/v2\/comments?post=289444"}],"version-history":[{"count":0,"href":"https:\/\/www.europesays.com\/fr\/wp-json\/wp\/v2\/posts\/289444\/revisions"}],"wp:featuredmedia":[{"embeddable":true,"href":"https:\/\/www.europesays.com\/fr\/wp-json\/wp\/v2\/media\/289445"}],"wp:attachment":[{"href":"https:\/\/www.europesays.com\/fr\/wp-json\/wp\/v2\/media?parent=289444"}],"wp:term":[{"taxonomy":"category","embeddable":true,"href":"https:\/\/www.europesays.com\/fr\/wp-json\/wp\/v2\/categories?post=289444"},{"taxonomy":"post_tag","embeddable":true,"href":"https:\/\/www.europesays.com\/fr\/wp-json\/wp\/v2\/tags?post=289444"}],"curies":[{"name":"wp","href":"https:\/\/api.w.org\/{rel}","templated":true}]}}