{"id":289446,"date":"2025-08-01T16:49:02","date_gmt":"2025-08-01T16:49:02","guid":{"rendered":"https:\/\/www.europesays.com\/fr\/289446\/"},"modified":"2025-08-01T16:49:02","modified_gmt":"2025-08-01T16:49:02","slug":"au-tribunal-de-commerce-de-rouen-un-nombre-historiquement-haut-de-procedures-collectives","status":"publish","type":"post","link":"https:\/\/www.europesays.com\/fr\/289446\/","title":{"rendered":"Au tribunal de commerce de Rouen, un \u00ab\u00a0nombre historiquement haut\u00a0\u00bb de proc\u00e9dures collectives"},"content":{"rendered":"<p>En 2024, l&rsquo;activit\u00e9 du tribunal de commerce de Rouen a \u00e9t\u00e9 marqu\u00e9e par\u00a0\u00ab un nombre historiquement haut \u00bb&#13;<br \/>\nd&rsquo;ouvertures de proc\u00e9dures collectives, alerte Louis-Jacques Urvoas, le pr\u00e9sident. En 2024, le tribunal de commerce de Rouen a proc\u00e9d\u00e9 \u00e0 633 ouvertures de proc\u00e9dures collectives (contre 423 en 2023),\u00a0r\u00e9parties en deux cat\u00e9gories.\u00a0\u00ab Le&#13;<br \/>\ntribunal a enregistr\u00e9 cette ann\u00e9e 403 d\u00e9clarations de cessation de&#13;<br \/>\npaiement, en hausse de 15% par rapport \u00e0 2023 \u00bb, indique&#13;<br \/>\nLouis-Jacques Urvoas. Une hausse qui traduit \u00ab la faiblesse de&#13;<br \/>\nla croissance de l\u2019\u00e9conomie, et les difficult\u00e9s que rencontrent&#13;<br \/>\nune partie des entreprises du territoire \u00bb, selon le pr\u00e9sident&#13;<br \/>\ndu tribunal de commerce. Il ajoute : \u00ab Nous anticipons&#13;<br \/>\npour 2025 le maintien \u00e0 un niveau \u00e9lev\u00e9 de ces d\u00e9faillances&#13;<br \/>\nd\u2019entreprises. Pour m\u00e9moire, nous retrouvons le niveau de 400 d\u00e9clarations de cessation de paiement observ\u00e9 entre 2013 et 2015. \u00bb\u00a0<\/p>\n<p>Parmi&#13;<br \/>\nles proc\u00e9dures collectives, les&#13;<br \/>\nouvertures apr\u00e8s assignation par les cr\u00e9anciers ont repris&#13;<br \/>\ncette ann\u00e9e. Le tribunal de commerce de Rouen a enregistr\u00e9 286 assignations contre 90 en 2023.\u00a0\u00ab Elles&#13;<br \/>\nont, pour l\u2019essentiel, concern\u00e9 des structures qui n\u2019avaient&#13;<br \/>\nplus d\u2019activit\u00e9 \u00e9conomique et plus de salari\u00e9s apr\u00e8s avoir cess\u00e9&#13;<br \/>\nleur activit\u00e9 pendant les crises successives, pr\u00e9cise-t-il. Cette&#13;<br \/>\nampleur illustre l\u2019importance du ph\u00e9nom\u00e8ne de rattrapage&#13;<br \/>\npost-Covid, sans r\u00e9el impact en 2024 sur le tissu \u00e9conomique du&#13;<br \/>\nterritoire, du fait de l\u2019absence d\u2019activit\u00e9. Ce ph\u00e9nom\u00e8ne de&#13;<br \/>\nrattrapage devrait s\u2019att\u00e9nuer en 2025.\u00a0\u00bb\u00a0<\/p>\n<p>2 252 salari\u00e9s concern\u00e9s<\/p>\n<p>Ces proc\u00e9dures collectives ont\u00a0concern\u00e9 2 252 salari\u00e9s, soit une augmentation de 32 % par rapport&#13;<br \/>\n\u00e0 2023.\u00a0\u00ab &#13;<br \/>\nCette hausse des emplois impact\u00e9s est la marque de l\u2019acc\u00e9l\u00e9ration&#13;<br \/>\ndes difficult\u00e9s des PME, voire des ETI, sur notre territoire \u00bb, remarque le pr\u00e9sident du tribunal de commerce de Rouen. Les liquidations judiciaires repr\u00e9sentent 70% des ouvertures de proc\u00e9dures.<\/p>\n<p>Parmi les secteurs les plus touch\u00e9s par ces proc\u00e9dures collectives, le&#13;<br \/>\n\tcommerce et la r\u00e9paration automobile, l\u2019h\u00e9bergement et la&#13;<br \/>\n\trestauration\u00a0avec&#13;<br \/>\n\tenviron 40 % des d\u00e9faillances.\u00a0Les&#13;<br \/>\n\tsecteurs de la construction et de l\u2019immobilier \u00ab\u00a0sont rest\u00e9s en&#13;<br \/>\n\t2024 tr\u00e8s affect\u00e9s par la baisse de la construction neuve et la&#13;<br \/>\n\tbaisse des transactions immobili\u00e8res \u00bb.\u00a0\u00ab\u00a0Les&#13;<br \/>\n\tPME, notamment industrielles, ont souffert en 2024 de la faiblesse&#13;<br \/>\n\tde la consommation et de la baisse de l\u2019investissement, dans le&#13;<br \/>\n\tcontexte de forte incertitude politique, \u00e9conomique et fiscale que&#13;<br \/>\n\tnous connaissons.\u00a0\u00bb\u00a0Les&#13;<br \/>\n\tservices aux entreprises ont \u00e9galement souffert, \u00ab\u00a0du fait des&#13;<br \/>\n\tefforts de r\u00e9duction des co\u00fbts de leurs clients \u00bb.\u00a0<\/p>\n<p>Des difficult\u00e9s communes<\/p>\n<p>Les TPE et PME rencontrent souvent les m\u00eames difficult\u00e9s : un chiffre d&rsquo;affaires affect\u00e9 par le ralentissement de la croissance, une tr\u00e9sorerie insuffisante,\u00a0des bilans d\u00e9s\u00e9quilibr\u00e9s,\u00a0des insuffisances dans le pilotage \u00e9conomique et financier mais aussi\u00a0des \u00e9quipes inqui\u00e8tes et d\u00e9mobilis\u00e9es&#8230; \u00ab Ces&#13;<br \/>\nconstats nous rappellent l\u2019importance de la formation des&#13;<br \/>\ndirigeants \u00e0 la gestion [&#8230;]. Les manques&#13;<br \/>\ntrop nombreux que nous constatons [&#8230;] privent les dirigeants&#13;<br \/>\nd\u2019informations indispensables \u00e0 l\u2019anticipation des difficult\u00e9s\u00a0\u00bb, alerte le pr\u00e9sident du tribunal de commerce, qui met en avant des outils mis \u00e0 la disposition des&#13;<br \/>\ndirigeants d\u2019entreprises comme OPALE de&#13;<br \/>\nla Banque de France, mais aussi ceux des\u00a0organismes consulaires.\u00a0<\/p>\n<p>Des institutions (comme la CCI, la CMA, les clubs d&rsquo;entrepreneurs et services de l&rsquo;Etat entre autres)\u00a0avec lesquelles le tribunal de commerce de Rouen a collabor\u00e9 en 2024, pour informer les chefs d&rsquo;entreprises et sensibiliser \u00e0 la pr\u00e9vention des difficult\u00e9s. Un travail qui a port\u00e9 ses fruits en 2024 (voir encadr\u00e9) et qui\u00a0devrait se poursuivre en 2025.\u00a0<\/p>\n","protected":false},"excerpt":{"rendered":"En 2024, l&rsquo;activit\u00e9 du tribunal de commerce de Rouen a \u00e9t\u00e9 marqu\u00e9e par\u00a0\u00ab un nombre historiquement haut \u00bb&#13;&hellip;\n","protected":false},"author":2,"featured_media":289447,"comment_status":"","ping_status":"","sticky":false,"template":"","format":"standard","meta":{"footnotes":""},"categories":[9587],"tags":[1111,11,1777,674,1011,27,12,5161,25,9590],"class_list":{"0":"post-289446","1":"post","2":"type-post","3":"status-publish","4":"format-standard","5":"has-post-thumbnail","7":"category-rouen","8":"tag-actu","9":"tag-actualites","10":"tag-eu","11":"tag-europe","12":"tag-fr","13":"tag-france","14":"tag-news","15":"tag-normandie","16":"tag-republique-francaise","17":"tag-rouen"},"share_on_mastodon":{"url":"","error":""},"_links":{"self":[{"href":"https:\/\/www.europesays.com\/fr\/wp-json\/wp\/v2\/posts\/289446","targetHints":{"allow":["GET"]}}],"collection":[{"href":"https:\/\/www.europesays.com\/fr\/wp-json\/wp\/v2\/posts"}],"about":[{"href":"https:\/\/www.europesays.com\/fr\/wp-json\/wp\/v2\/types\/post"}],"author":[{"embeddable":true,"href":"https:\/\/www.europesays.com\/fr\/wp-json\/wp\/v2\/users\/2"}],"replies":[{"embeddable":true,"href":"https:\/\/www.europesays.com\/fr\/wp-json\/wp\/v2\/comments?post=289446"}],"version-history":[{"count":0,"href":"https:\/\/www.europesays.com\/fr\/wp-json\/wp\/v2\/posts\/289446\/revisions"}],"wp:featuredmedia":[{"embeddable":true,"href":"https:\/\/www.europesays.com\/fr\/wp-json\/wp\/v2\/media\/289447"}],"wp:attachment":[{"href":"https:\/\/www.europesays.com\/fr\/wp-json\/wp\/v2\/media?parent=289446"}],"wp:term":[{"taxonomy":"category","embeddable":true,"href":"https:\/\/www.europesays.com\/fr\/wp-json\/wp\/v2\/categories?post=289446"},{"taxonomy":"post_tag","embeddable":true,"href":"https:\/\/www.europesays.com\/fr\/wp-json\/wp\/v2\/tags?post=289446"}],"curies":[{"name":"wp","href":"https:\/\/api.w.org\/{rel}","templated":true}]}}