{"id":289448,"date":"2025-08-01T16:50:26","date_gmt":"2025-08-01T16:50:26","guid":{"rendered":"https:\/\/www.europesays.com\/fr\/289448\/"},"modified":"2025-08-01T16:50:26","modified_gmt":"2025-08-01T16:50:26","slug":"coupe-de-france-de-n1cours-la-ville-le-vc-rouen-76-continue-dengranger-des-points","status":"publish","type":"post","link":"https:\/\/www.europesays.com\/fr\/289448\/","title":{"rendered":"Coupe de France de N1Cours-La -Ville : Le VC Rouen 76 continue d&rsquo;engranger des points"},"content":{"rendered":"<p>            <img width=\"1100\" height=\"659\" src=\"https:\/\/www.europesays.com\/fr\/wp-content\/uploads\/2025\/08\/coupe-de-france-cours-la-ville-n1_6997.jpg\" class=\"attachment-full size-full wp-post-image\" alt=\"\" decoding=\"async\" loading=\"lazy\"  \/>        <\/p>\n<p>Quarante-huit heures apr\u00e8s une belle performance collective au Troph\u00e9e Souvenir Roger Walkowiak -trois hommes dans les douze premiers , le VC Rouen 76 a une nouvelle fois brill\u00e9 lors de la 95e \u00e9dition du Grand Prix de Cours-la-Ville (Rh\u00f4ne), cinqui\u00e8me manche de la Coupe de France de N1. Cl\u00e9ment Petit a en effet pris la troisi\u00e8me\u00a0place d\u2019une course remport\u00e9e par Louis Hardouin (Guidon Chalettois). L\u2019Australien Matthew Fox qui sera stagiaire\u00a0\u00e0 partir du 1er ao\u00fbt au sein de l\u2019\u00e9quipe Lotto a pour sa part, pris la 16e place. La formation rouennaise creuse maintenant l\u2019\u00e9cart d\u2019une fa\u00e7on cons\u00e9quente au classement g\u00e9n\u00e9ral et semble bien partie pour faire aussi bien que l\u2019an dernier. Deuxi\u00e8me de cette manche derri\u00e8re l\u2019AVC Aix Dole Provence et le Guidon\u00a0Chalettois, le club normand a port\u00e9 son avance \u00e0 90 points sur le SCO Dijon.<\/p>\n<p>Texte et photo Patrice Meunier\u00a0<\/p>\n","protected":false},"excerpt":{"rendered":"Quarante-huit heures apr\u00e8s une belle performance collective au Troph\u00e9e Souvenir Roger Walkowiak -trois hommes dans les douze premiers&hellip;\n","protected":false},"author":2,"featured_media":289449,"comment_status":"","ping_status":"","sticky":false,"template":"","format":"standard","meta":{"footnotes":""},"categories":[9587],"tags":[1111,11,1777,674,1011,27,12,5161,25,9590],"class_list":{"0":"post-289448","1":"post","2":"type-post","3":"status-publish","4":"format-standard","5":"has-post-thumbnail","7":"category-rouen","8":"tag-actu","9":"tag-actualites","10":"tag-eu","11":"tag-europe","12":"tag-fr","13":"tag-france","14":"tag-news","15":"tag-normandie","16":"tag-republique-francaise","17":"tag-rouen"},"share_on_mastodon":{"url":"https:\/\/pubeurope.com\/@fr\/114954542987814494","error":""},"_links":{"self":[{"href":"https:\/\/www.europesays.com\/fr\/wp-json\/wp\/v2\/posts\/289448","targetHints":{"allow":["GET"]}}],"collection":[{"href":"https:\/\/www.europesays.com\/fr\/wp-json\/wp\/v2\/posts"}],"about":[{"href":"https:\/\/www.europesays.com\/fr\/wp-json\/wp\/v2\/types\/post"}],"author":[{"embeddable":true,"href":"https:\/\/www.europesays.com\/fr\/wp-json\/wp\/v2\/users\/2"}],"replies":[{"embeddable":true,"href":"https:\/\/www.europesays.com\/fr\/wp-json\/wp\/v2\/comments?post=289448"}],"version-history":[{"count":0,"href":"https:\/\/www.europesays.com\/fr\/wp-json\/wp\/v2\/posts\/289448\/revisions"}],"wp:featuredmedia":[{"embeddable":true,"href":"https:\/\/www.europesays.com\/fr\/wp-json\/wp\/v2\/media\/289449"}],"wp:attachment":[{"href":"https:\/\/www.europesays.com\/fr\/wp-json\/wp\/v2\/media?parent=289448"}],"wp:term":[{"taxonomy":"category","embeddable":true,"href":"https:\/\/www.europesays.com\/fr\/wp-json\/wp\/v2\/categories?post=289448"},{"taxonomy":"post_tag","embeddable":true,"href":"https:\/\/www.europesays.com\/fr\/wp-json\/wp\/v2\/tags?post=289448"}],"curies":[{"name":"wp","href":"https:\/\/api.w.org\/{rel}","templated":true}]}}