{"id":289455,"date":"2025-08-01T16:54:23","date_gmt":"2025-08-01T16:54:23","guid":{"rendered":"https:\/\/www.europesays.com\/fr\/289455\/"},"modified":"2025-08-01T16:54:23","modified_gmt":"2025-08-01T16:54:23","slug":"quels-sont-les-meilleurs-spots-a-rennes-pour-observer-les-etoiles-filantes","status":"publish","type":"post","link":"https:\/\/www.europesays.com\/fr\/289455\/","title":{"rendered":"Quels sont les meilleurs spots \u00e0 Rennes pour observer les \u00e9toiles filantes\u00a0?"},"content":{"rendered":"<p>Si vous voulez voir des \u00e9toiles filantes, c\u2019est ce week-end que \u00e7a se passe ! Ce vendredi 1er et samedi 2 ao\u00fbt 2025, la Nuit des \u00e9toiles revient partout en France. Comme chaque ann\u00e9e, la premi\u00e8re quinzaine d\u2019ao\u00fbt correspond \u00e0 la p\u00e9riode des Pers\u00e9ides, ces m\u00e9t\u00e9ores, \ufeffconstitu\u00e9s de d\u00e9bris de la com\u00e8te Swift-Tuttle, visibles dans l\u2019atmosph\u00e8re. L\u2019occasion est donc belle de voir des \u00e9toiles filantes, mais aussi n\u00e9buleuses et galaxies pour les mieux \u00e9quip\u00e9s. Mais pourra-t-on r\u00e9ellement les observer \u00e0 Rennes, dans l\u2019environnement si \u00e9clair\u00e9 de la m\u00e9tropole ?<\/p>\n<p>\u00c0 \u00e9couter la Soci\u00e9t\u00e9 d\u2019astronomie de Rennes, oui. \u00ab Observer les \u00e9toiles \u00e0 Rennes, c\u2019est possible \u00e0 l\u2019\u0153il nu, rassure Adrien Fortin, astronome amateur et pr\u00e9sident de l\u2019association. Les \u00e9toiles filantes, c\u2019est \u00e9galement possible car on parle d\u2019objets assez brillants qu\u2019on peut donc observer. \u00bb<\/p>\n<p>Observer le plus tard possible<\/p>\n<p>Pour maximiser ses chances, quelques conseils tout de m\u00eame : \u00ab D\u2019abord, se mettre en hauteur pour avoir un horizon d\u00e9gag\u00e9 et ne pas \u00eatre g\u00ean\u00e9 par les arbres ou les immeubles si on est en ville. L\u2019observation est possible \u00e0 partir de 22 h &#8211; 22 h 30, \u00e0 la nuit tomb\u00e9e, mais la meilleure heure, c\u2019est le plus tard possible. L\u2019\u00e9t\u00e9, le ciel est moins noir la nuit qu\u2019en hiver en raison de l\u2019inclinaison de la terre. Plus on va aller loin dans la nuit, plus le ciel va s\u2019obscurcir et meilleures seront les conditions d\u2019observation. \u00bb<\/p>\n<p>Reste le spot pour en voir un maximum. \u00ab On ne va pas se mentir, Rennes, avec toute la pollution lumineuse, ce n\u2019est pas le meilleur endroit, conc\u00e8de Alexandre Le Roux, adh\u00e9rent de la Soci\u00e9t\u00e9 d\u2019astronomie de Rennes. Mais au parc des Gayeulles, en s\u2019installant loin des lampadaires et des sources lumineuses, on arrive \u00e0 voir pas mal d\u2019\u00e9toiles. Idem aux \u00e9tangs d\u2019Apign\u00e9 et \u00e0 la Pr\u00e9valaye, si on s\u2019\u00e9loigne de ce qui cr\u00e9e de la lumi\u00e8re. \u00bb<\/p>\n<p>N\u00e9buleuses et galaxies observables au t\u00e9lescope<\/p>\n<p>Mais selon lui, le meilleur spot pour observer la pluie d\u2019\u00e9toiles filantes se situe sur la commune de Noyal-sur-Vilaine, direction Ch\u00e2teaugiron. \u00ab C\u2019est au Clos Saint-Pierre, pr\u00e8s de la RD 92 et du ch\u00e2teau d\u2019eau. Il y a tr\u00e8s peu de pollution lumineuse et une vue sur l\u2019horizon d\u00e9gag\u00e9e, sauf \u00e0 l\u2019ouest o\u00f9 il y a Rennes. \u00bb<\/p>\n<p>Pour ceux qui souhaiteraient en voir encore plus, direction l\u2019observatoire de la Soci\u00e9t\u00e9 d\u2019astronomie de Rennes, \u00e0 La Couy\u00e8re, \u00e0 35 km au sud de Rennes. Samedi, l\u2019asso organise, avant la tomb\u00e9e de la nuit, des observations solaires au t\u00e9lescope, des conf\u00e9rences et s\u00e9ances de plan\u00e9tarium. La nuit, il sera possible, outre les \u00e9toiles filantes, d\u2019observer des n\u00e9buleuses et des galaxies. Et ce vendredi, c\u2019est \u00e0 Rennes, au sein de la Maison de quartier Le Cadran, \u00e0 Beauregard \u00e0 partir de 20 h 30, que l\u2019association a pr\u00e9vu de poser son t\u00e9lescope.<\/p>\n","protected":false},"excerpt":{"rendered":"Si vous voulez voir des \u00e9toiles filantes, c\u2019est ce week-end que \u00e7a se passe ! Ce vendredi 1er&hellip;\n","protected":false},"author":2,"featured_media":289456,"comment_status":"","ping_status":"","sticky":false,"template":"","format":"standard","meta":{"footnotes":""},"categories":[2821],"tags":[1111,11,829,1777,674,1011,27,848,12,584,25],"class_list":{"0":"post-289455","1":"post","2":"type-post","3":"status-publish","4":"format-standard","5":"has-post-thumbnail","7":"category-rennes","8":"tag-actu","9":"tag-actualites","10":"tag-bretagne","11":"tag-eu","12":"tag-europe","13":"tag-fr","14":"tag-france","15":"tag-ille-et-vilaine","16":"tag-news","17":"tag-rennes","18":"tag-republique-francaise"},"share_on_mastodon":{"url":"https:\/\/pubeurope.com\/@fr\/114954558722735644","error":""},"_links":{"self":[{"href":"https:\/\/www.europesays.com\/fr\/wp-json\/wp\/v2\/posts\/289455","targetHints":{"allow":["GET"]}}],"collection":[{"href":"https:\/\/www.europesays.com\/fr\/wp-json\/wp\/v2\/posts"}],"about":[{"href":"https:\/\/www.europesays.com\/fr\/wp-json\/wp\/v2\/types\/post"}],"author":[{"embeddable":true,"href":"https:\/\/www.europesays.com\/fr\/wp-json\/wp\/v2\/users\/2"}],"replies":[{"embeddable":true,"href":"https:\/\/www.europesays.com\/fr\/wp-json\/wp\/v2\/comments?post=289455"}],"version-history":[{"count":0,"href":"https:\/\/www.europesays.com\/fr\/wp-json\/wp\/v2\/posts\/289455\/revisions"}],"wp:featuredmedia":[{"embeddable":true,"href":"https:\/\/www.europesays.com\/fr\/wp-json\/wp\/v2\/media\/289456"}],"wp:attachment":[{"href":"https:\/\/www.europesays.com\/fr\/wp-json\/wp\/v2\/media?parent=289455"}],"wp:term":[{"taxonomy":"category","embeddable":true,"href":"https:\/\/www.europesays.com\/fr\/wp-json\/wp\/v2\/categories?post=289455"},{"taxonomy":"post_tag","embeddable":true,"href":"https:\/\/www.europesays.com\/fr\/wp-json\/wp\/v2\/tags?post=289455"}],"curies":[{"name":"wp","href":"https:\/\/api.w.org\/{rel}","templated":true}]}}