{"id":289457,"date":"2025-08-01T16:55:13","date_gmt":"2025-08-01T16:55:13","guid":{"rendered":"https:\/\/www.europesays.com\/fr\/289457\/"},"modified":"2025-08-01T16:55:13","modified_gmt":"2025-08-01T16:55:13","slug":"strasbourg-le-petit-ami-condamne-pour-avoir-prostitue-une-mineure","status":"publish","type":"post","link":"https:\/\/www.europesays.com\/fr\/289457\/","title":{"rendered":"Strasbourg. Le \u00ab petit ami \u00bb condamn\u00e9 pour avoir prostitu\u00e9 une mineure"},"content":{"rendered":"<p>Le jeune homme de 22 ans compara\u00eet pour prox\u00e9n\u00e9tisme aggrav\u00e9, ce jeudi 31\u00a0juillet, lors des comparutions imm\u00e9diates. Il est suspect\u00e9 d\u2019avoir assist\u00e9 deux mineures originaires de Bourges qui se prostituaient en les v\u00e9hiculant, en mettant un appartement \u00e0 leur disposition et en g\u00e9rant leurs annonces sur un site d\u2019escortes, du 22\u00a0mai au 14\u00a0juin.<\/p>\n<p>Face aux juges, le pr\u00e9venu minimise son r\u00f4le alors que les \u00e9changes t\u00e9l\u00e9phoniques entre lui et l\u2019une des jeunes&#8230;<\/p>\n","protected":false},"excerpt":{"rendered":"Le jeune homme de 22 ans compara\u00eet pour prox\u00e9n\u00e9tisme aggrav\u00e9, ce jeudi 31\u00a0juillet, lors des comparutions imm\u00e9diates. Il&hellip;\n","protected":false},"author":2,"featured_media":289458,"comment_status":"","ping_status":"","sticky":false,"template":"","format":"standard","meta":{"footnotes":""},"categories":[2820],"tags":[1111,11,2389,2649,271,272,2880,1777,674,274,107,1011,27,775,12,25,640,2879],"class_list":{"0":"post-289457","1":"post","2":"type-post","3":"status-publish","4":"format-standard","5":"has-post-thumbnail","7":"category-strasbourg","8":"tag-actu","9":"tag-actualites","10":"tag-alsace","11":"tag-bas-rhin","12":"tag-crime","13":"tag-delit-et-contravention","14":"tag-edition-strasbourg","15":"tag-eu","16":"tag-europe","17":"tag-faits-divers-justice","18":"tag-fil-info","19":"tag-fr","20":"tag-france","21":"tag-grand-est","22":"tag-news","23":"tag-republique-francaise","24":"tag-strasbourg","25":"tag-strasbourg-ville"},"share_on_mastodon":{"url":"https:\/\/pubeurope.com\/@fr\/114954562684098687","error":""},"_links":{"self":[{"href":"https:\/\/www.europesays.com\/fr\/wp-json\/wp\/v2\/posts\/289457","targetHints":{"allow":["GET"]}}],"collection":[{"href":"https:\/\/www.europesays.com\/fr\/wp-json\/wp\/v2\/posts"}],"about":[{"href":"https:\/\/www.europesays.com\/fr\/wp-json\/wp\/v2\/types\/post"}],"author":[{"embeddable":true,"href":"https:\/\/www.europesays.com\/fr\/wp-json\/wp\/v2\/users\/2"}],"replies":[{"embeddable":true,"href":"https:\/\/www.europesays.com\/fr\/wp-json\/wp\/v2\/comments?post=289457"}],"version-history":[{"count":0,"href":"https:\/\/www.europesays.com\/fr\/wp-json\/wp\/v2\/posts\/289457\/revisions"}],"wp:featuredmedia":[{"embeddable":true,"href":"https:\/\/www.europesays.com\/fr\/wp-json\/wp\/v2\/media\/289458"}],"wp:attachment":[{"href":"https:\/\/www.europesays.com\/fr\/wp-json\/wp\/v2\/media?parent=289457"}],"wp:term":[{"taxonomy":"category","embeddable":true,"href":"https:\/\/www.europesays.com\/fr\/wp-json\/wp\/v2\/categories?post=289457"},{"taxonomy":"post_tag","embeddable":true,"href":"https:\/\/www.europesays.com\/fr\/wp-json\/wp\/v2\/tags?post=289457"}],"curies":[{"name":"wp","href":"https:\/\/api.w.org\/{rel}","templated":true}]}}