{"id":289476,"date":"2025-08-01T17:05:12","date_gmt":"2025-08-01T17:05:12","guid":{"rendered":"https:\/\/www.europesays.com\/fr\/289476\/"},"modified":"2025-08-01T17:05:12","modified_gmt":"2025-08-01T17:05:12","slug":"pres-de-lille-appeles-pour-un-vehicule-vole-les-policiers-surprennent-un-cambrioleur-en-flagrant-delit","status":"publish","type":"post","link":"https:\/\/www.europesays.com\/fr\/289476\/","title":{"rendered":"Pr\u00e8s de Lille, appel\u00e9s pour un v\u00e9hicule vol\u00e9, les policiers surprennent un cambrioleur en flagrant d\u00e9lit"},"content":{"rendered":"<p>            Par<br \/>\n        <strong><br \/>\n            <a href=\"https:\/\/actu.fr\/auteur\/amandine-vachez\" title=\"Consulter tous les articles de Amandine Vachez\" rel=\"nofollow noopener\" target=\"_blank\">Amandine Vachez<\/a><br \/>\n        <\/strong><\/p>\n<p>        Publi\u00e9 le<\/p>\n<p>            1 ao\u00fbt 2025 \u00e0 18h06        <\/p>\n<p>C\u2019est ce qui s\u2019appelle faire d\u2019une pierre deux coups. Ce<b> jeudi 31\u00a0juillet 2025<\/b>, t\u00f4t le matin, un \u00e9quipage de <a href=\"https:\/\/actu.fr\/tag\/police\" rel=\"nofollow noopener\" target=\"_blank\">police<\/a> est intervenu \u00e0 <a href=\"https:\/\/actu.fr\/hauts-de-france\/villeneuve-d-ascq_59009\" rel=\"nofollow noopener\" target=\"_blank\">Villeneuve-d\u2019Ascq<\/a> (Nord), suite \u00e0 un signalement pour <b>un v\u00e9hicule vol\u00e9<\/b>. Sur place, ils ont \u00e9t\u00e9 alpagu\u00e9s par une habitante, qui venait tout juste de se faire cambrioler. L\u2019homme n\u2019\u00e9tait pas loin, il a m\u00eame tent\u00e9 de d\u00e9valiser une autre habitation toute proche. R\u00e9cit.<\/p>\n<p>Ils trouvent la voiture en marche, une habitante vient signaler un cambriolage<\/p>\n<p class=\" wall-content\">Ce jeudi, vers 6h du matin, un policier de la BAC, Brigade anticriminalit\u00e9, pas en service, a vu une voiture correspondant \u00e0 un v\u00e9hicule vol\u00e9. Il l\u2019a signal\u00e9 \u00e0 des coll\u00e8gues, qui se sont d\u00e9plac\u00e9s, indique une source polici\u00e8re. Cette voiture a \u00e9t\u00e9 retrouv\u00e9e, <b>portes ouvertes et moteur tournant<\/b>. Une femme d\u2019une cinquantaine d\u2019ann\u00e9es, habitante du quartier, est venue \u00e0 la rencontre des policiers pr\u00e9sents, pour signaler qu\u2019elle a \u00e9t\u00e9 <b>victime d\u2019un cambriolage<\/b>. L\u2019homme a pris la fuite par les jardins, indique-t-elle aux agents, qui poursuivent le malfrat. S\u2019ils le perdent de vue un moment, ils vont le retrouver, en train de\u2026 <b>cambrioler une autre habitation\u2009!<\/b> Le mis en cause, un homme \u00e2g\u00e9 de 40\u00a0ans, a tent\u00e9 de prendre la fuite, mais a fini par \u00eatre intercept\u00e9, arr\u00eat\u00e9 et plac\u00e9 en garde \u00e0 vue.<\/p>\n<p>Une p\u00e9riode propice aux cambriolages<\/p>\n<p class=\" wall-content\">En p\u00e9riode estivale,<b> un pic des cambriolages<\/b> est enregistr\u00e9 sur le secteur. Derni\u00e8rement \u00e0 <a href=\"https:\/\/actu.fr\/hauts-de-france\/lambersart_59328\/lambersart-deux-cambrioleurs-surpris-par-la-police-avec-un-pied-de-biche-devant-une-habitation_62972299.html\" rel=\"nofollow noopener\" target=\"_blank\">Lambersart<\/a>, <a href=\"https:\/\/actu.fr\/hauts-de-france\/valenciennes_59606\/cambriolage-a-valenciennes-ils-penetrent-dans-un-hotel-particulier-et-fuient-par-les-toits-en-plein-jour_62970597.html\" rel=\"nofollow noopener\" target=\"_blank\">Valenciennes<\/a> ou encore <a href=\"https:\/\/actu.fr\/hauts-de-france\/pecquencourt_59456\/cambriolage-pres-de-douai-les-jeunes-intrus-retrouves-dans-le-domicile-force-a-laide-dun-tournevis_62983378.html\" rel=\"nofollow noopener\" target=\"_blank\">pr\u00e8s de Douai<\/a>. Puis ce fait \u00e0 Villeneuve-d\u2019Ascq, dans la <a href=\"https:\/\/actu.fr\/lille\/\" rel=\"nofollow noopener\" target=\"_blank\">m\u00e9tropole lilloise<\/a>, d\u00e9sert\u00e9e par les habitants en \u00e9t\u00e9. Pour vous tranquilliser pendant les vacances, en compl\u00e9ment des alarmes, un service est assur\u00e9 par les forces de l\u2019ordre\u2009: l\u2019OTV, <a href=\"https:\/\/actu.fr\/societe\/contre-les-cambriolages-pensez-a-l-operation-tranquillite-vacances_59823844.html\" rel=\"nofollow noopener\" target=\"_blank\">Op\u00e9ration tranquillit\u00e9 vacances<\/a>. \u00ab\u2009Pendant toute absence prolong\u00e9e de votre domicile, vous pouvez vous inscrire \u00e0 l\u2019op\u00e9ration tranquillit\u00e9 vacances. Les services de police ou de gendarmerie se chargent alors de surveiller votre logement\u2009\u00bb, d\u00e9crit le site du gouvernement. \u00ab\u2009Des patrouilles sont organis\u00e9es pour passer aux abords de votre domicile. Vous serez pr\u00e9venu en cas d\u2019anomalies (d\u00e9gradations, cambriolage\u2026).\u00bb Pour en savoir plus, c\u2019est <a href=\"https:\/\/www.service-public.fr\/particuliers\/vosdroits\/R43241\" rel=\"nofollow noopener\" target=\"_blank\">par ici<\/a>.<\/p>\n<p class=\" wall-content\">Suivez toute l\u2019actualit\u00e9 de vos villes et m\u00e9dias favoris en vous inscrivant \u00e0 <a href=\"https:\/\/moncompte.actu.fr\" title=\"D\u00e9couvez Mon Actu\" rel=\"nofollow noopener\" data-trk=\"{&quot;cta&quot;:{&quot;action&quot;:&quot;https:\\\/\\\/moncompte.actu.fr&quot;,&quot;category&quot;:&quot;mon compte&quot;,&quot;from&quot;:&quot;article footer&quot;,&quot;name&quot;:&quot;Mon actu&quot;,&quot;type&quot;:&quot;cta&quot;}}\" target=\"_blank\">Mon Actu<\/a>.<\/p>\n","protected":false},"excerpt":{"rendered":"Par Amandine Vachez Publi\u00e9 le 1 ao\u00fbt 2025 \u00e0 18h06 C\u2019est ce qui s\u2019appelle faire d\u2019une pierre deux&hellip;\n","protected":false},"author":2,"featured_media":289477,"comment_status":"","ping_status":"","sticky":false,"template":"","format":"standard","meta":{"footnotes":""},"categories":[2815],"tags":[1111,11,1174,1777,674,118,1011,27,811,1307,12,1072,25],"class_list":{"0":"post-289476","1":"post","2":"type-post","3":"status-publish","4":"format-standard","5":"has-post-thumbnail","7":"category-lille","8":"tag-actu","9":"tag-actualites","10":"tag-cambriolage","11":"tag-eu","12":"tag-europe","13":"tag-faits-divers","14":"tag-fr","15":"tag-france","16":"tag-hauts-de-france","17":"tag-lille","18":"tag-news","19":"tag-police","20":"tag-republique-francaise"},"share_on_mastodon":{"url":"https:\/\/pubeurope.com\/@fr\/114954602050461523","error":""},"_links":{"self":[{"href":"https:\/\/www.europesays.com\/fr\/wp-json\/wp\/v2\/posts\/289476","targetHints":{"allow":["GET"]}}],"collection":[{"href":"https:\/\/www.europesays.com\/fr\/wp-json\/wp\/v2\/posts"}],"about":[{"href":"https:\/\/www.europesays.com\/fr\/wp-json\/wp\/v2\/types\/post"}],"author":[{"embeddable":true,"href":"https:\/\/www.europesays.com\/fr\/wp-json\/wp\/v2\/users\/2"}],"replies":[{"embeddable":true,"href":"https:\/\/www.europesays.com\/fr\/wp-json\/wp\/v2\/comments?post=289476"}],"version-history":[{"count":0,"href":"https:\/\/www.europesays.com\/fr\/wp-json\/wp\/v2\/posts\/289476\/revisions"}],"wp:featuredmedia":[{"embeddable":true,"href":"https:\/\/www.europesays.com\/fr\/wp-json\/wp\/v2\/media\/289477"}],"wp:attachment":[{"href":"https:\/\/www.europesays.com\/fr\/wp-json\/wp\/v2\/media?parent=289476"}],"wp:term":[{"taxonomy":"category","embeddable":true,"href":"https:\/\/www.europesays.com\/fr\/wp-json\/wp\/v2\/categories?post=289476"},{"taxonomy":"post_tag","embeddable":true,"href":"https:\/\/www.europesays.com\/fr\/wp-json\/wp\/v2\/tags?post=289476"}],"curies":[{"name":"wp","href":"https:\/\/api.w.org\/{rel}","templated":true}]}}