{"id":289478,"date":"2025-08-01T17:06:09","date_gmt":"2025-08-01T17:06:09","guid":{"rendered":"https:\/\/www.europesays.com\/fr\/289478\/"},"modified":"2025-08-01T17:06:09","modified_gmt":"2025-08-01T17:06:09","slug":"vieux-lille-un-resto-de-focaccias-va-ouvrir-ses-portes-en-septembre-pour-des-pauses-dej-savoureuses","status":"publish","type":"post","link":"https:\/\/www.europesays.com\/fr\/289478\/","title":{"rendered":"Vieux-Lille. Un resto de focaccias va ouvrir ses portes en septembre pour des pauses d\u00e9j&rsquo; savoureuses"},"content":{"rendered":"<p>            Par<br \/>\n        <strong><br \/>\n            <a href=\"https:\/\/actu.fr\/auteur\/hervine-mahaud\" title=\"Consulter tous les articles de Hervine Mahaud\" target=\"_blank\" rel=\"noopener\">Hervine Mahaud<\/a><br \/>\n        <\/strong><\/p>\n<p>        Publi\u00e9 le<\/p>\n<p>            1 ao\u00fbt 2025 \u00e0 18h00        <\/p>\n<p><b data-end=\"304\">Des focaccias artisanales, des recettes italiennes authentiques et un service rapide.<\/b> C\u2019est la promesse de <b data-end=\"339\">Novettino<\/b>, qui s\u2019appr\u00eate \u00e0 ouvrir ses portes <b data-end=\"391\">en septembre 2025<\/b> au <b data-end=\"420\">7 place des Patiniers<\/b>, en plein c\u0153ur du <b>Vieux-Lille<\/b>. On vous en dit plus sur ce concept parisien qui se d\u00e9veloppe un peu partout en France.<\/p>\n<p>L\u2019Italie en mode \u00ab\u00a0fast good\u00a0\u00bb<\/p>\n<p data-end=\"1121\" class=\" wall-content\">Le concept est n\u00e9 \u00e0 Paris en 2020. Son fondateur, passionn\u00e9 de cuisine italienne, voulait proposer une alternative au sandwich classique du midi : <b data-end=\"676\">un repas rapide mais de qualit\u00e9<\/b>, avec la possibilit\u00e9 de s\u2019installer en salle ou en terrasse.<\/p>\n<p data-end=\"1121\" class=\" wall-content\"><br data-end=\"740\"\/>\u00ab\u00a0<b data-end=\"803\">Tout est fait maison avec des produits italiens et locaux<\/b>, c\u2019est notre ADN\u00a0\u00bb, explique <b data-end=\"855\">Charlotte Ciociola<\/b>, responsable communication. La charcuterie vient tout droit d\u2019Italie, les l\u00e9gumes sont achet\u00e9s chez des primeurs locaux. La p\u00e2te \u00e0 focaccia est, quant \u00e0 elle, fabriqu\u00e9e dans le laboratoire de l\u2019entreprise situ\u00e9 \u00e0 Saint-Mand\u00e9 (Val-de-Marne), avant d\u2019\u00eatre livr\u00e9e dans tous les points de vente.<\/p>\n<p>Des recettes simples mais ultra gourmandes<\/p>\n<p data-end=\"1636\" class=\" wall-content\">Novettino d\u00e9cline <b data-end=\"1218\">15 recettes fixes<\/b> dans tous ses restaurants : options \u00e0 base de dinde, thon, charcuterie fine (coppa, bresaola), mais aussi des versions v\u00e9g\u00e9tariennes. Les clients peuvent \u00e9galement <b data-end=\"1427\">composer leur propre focaccia sur-mesure<\/b>. Le <b data-end=\"1449\">best-seller<\/b> ? Le Novettino Club : dinde, parmesan, mayonnaise truff\u00e9e, pousses d\u2019\u00e9pinard et tomates \u00e0 l\u2019ancienne.<\/p>\n<p data-end=\"1636\" class=\" wall-content\">\n<a href=\"https:\/\/www.instagram.com\/p\/DJ_e-vXNfyB\/embed\" title=\"Ouvrir le lien sur Instagram\" target=\"_blank\" rel=\"noopener\">Visualiser le contenu sur Instagram<\/a><\/p>\n<p data-end=\"1636\" class=\" wall-content\">Les desserts, <b data-end=\"1559\">tiramisu<\/b> et <b data-end=\"1576\">panacotta<\/b>, sont eux aussi faits maison, directement en restaurant. Les prix se veulent <b>accessibles<\/b> : la focaccia seule est \u00e0 <b>8,90 \u20ac<\/b>, la formule compl\u00e8te avec dessert et boisson est \u00e0 <b>12,90 \u20ac<\/b>.<\/p>\n<p>Pourquoi Lille ?<\/p>\n<p data-end=\"2018\" class=\" wall-content\">Apr\u00e8s Paris, la marque se d\u00e9ploie en franchise dans les grandes villes. S\u2019installer \u00e0 Lille \u00e9tait donc une \u00e9vidence. \u00ab\u00a0<b data-end=\"1776\">Lille est une ville qui bouge<\/b>, avec un centre dynamique, des \u00e9tudiants, des bureaux\u2026 On esp\u00e8re que \u00e7a va cartonner \u00ab\u00a0, confie Charlotte Ciociola. \u00c0 voir la file d\u2019attente chaque midi devant <a href=\"https:\/\/actu.fr\/hauts-de-france\/lille_59350\/litalie-sinstalle-dans-le-vieux-lille-avec-bart-nouveau-restaurant-de-focaccias_60477295.html\" target=\"_blank\" rel=\"noopener\">Bart, autre restaurant sp\u00e9cialis\u00e9 dans les focaccias<\/a>, il y a peu de doute sur la r\u00e9ussite du concept.<\/p>\n<p data-end=\"2018\" class=\" wall-content\">\n<a href=\"https:\/\/www.instagram.com\/p\/DMXZ7rQNI6r\/embed\" title=\"Ouvrir le lien sur Instagram\" target=\"_blank\" rel=\"noopener\">Visualiser le contenu sur Instagram<\/a><\/p>\n<p data-end=\"2018\" class=\" wall-content\">Pour installer son point de vente dans la capitale des Flandres, l\u2019enseigne de restauration n\u2019a pas eu \u00e0 faire de gros travaux. Elle va en revanche mettre sa patte dans le local : mosa\u00efque au sol, couleurs chaudes terracotta, devanture bleu nuit, et une ambiance conviviale. L\u2019\u00e9tablissement proposera <b data-end=\"2326\">des places assises \u00e0 l\u2019int\u00e9rieur et en terrasse<\/b>, mais misera surtout sur la vente \u00e0 emporter.<\/p>\n<p class=\" wall-content\">Suivez toute l\u2019actualit\u00e9 de vos villes et m\u00e9dias favoris en vous inscrivant \u00e0 <a href=\"https:\/\/moncompte.actu.fr\" title=\"D\u00e9couvez Mon Actu\" rel=\"nofollow noopener\" data-trk=\"{&quot;cta&quot;:{&quot;action&quot;:&quot;https:\\\/\\\/moncompte.actu.fr&quot;,&quot;category&quot;:&quot;mon compte&quot;,&quot;from&quot;:&quot;article footer&quot;,&quot;name&quot;:&quot;Mon actu&quot;,&quot;type&quot;:&quot;cta&quot;}}\" target=\"_blank\">Mon Actu<\/a>.<\/p>\n<ul class=\"ac-article-tag wall-content\">\n<li><a href=\"https:\/\/actu.fr\/tag\/nouveaux-commerces\" data-trk=\"{&quot;cta&quot;:{&quot;action&quot;:&quot;Nouveaux commerces&quot;,&quot;category&quot;:&quot;tag&quot;,&quot;from&quot;:&quot;article footer&quot;,&quot;name&quot;:&quot;Nouveaux commerces&quot;,&quot;type&quot;:&quot;cta&quot;}}\" target=\"_blank\" rel=\"noopener\">#Nouveaux commerces<\/a><\/li>\n<li><a href=\"https:\/\/actu.fr\/tag\/restaurant\" data-trk=\"{&quot;cta&quot;:{&quot;action&quot;:&quot;Restaurant&quot;,&quot;category&quot;:&quot;tag&quot;,&quot;from&quot;:&quot;article footer&quot;,&quot;name&quot;:&quot;Restaurant&quot;,&quot;type&quot;:&quot;cta&quot;}}\" target=\"_blank\" rel=\"noopener\">#Restaurant<\/a><\/li>\n<\/ul>\n<p>                    <script async src=\"\/\/www.instagram.com\/embed.js\"><\/script><\/p>\n","protected":false},"excerpt":{"rendered":"Par Hervine Mahaud Publi\u00e9 le 1 ao\u00fbt 2025 \u00e0 18h00 Des focaccias artisanales, des recettes italiennes authentiques et&hellip;\n","protected":false},"author":2,"featured_media":289479,"comment_status":"","ping_status":"","sticky":false,"template":"","format":"standard","meta":{"footnotes":""},"categories":[2815],"tags":[1111,11,33,1777,674,1011,27,811,1307,12,3147,25,1340],"class_list":{"0":"post-289478","1":"post","2":"type-post","3":"status-publish","4":"format-standard","5":"has-post-thumbnail","7":"category-lille","8":"tag-actu","9":"tag-actualites","10":"tag-economie","11":"tag-eu","12":"tag-europe","13":"tag-fr","14":"tag-france","15":"tag-hauts-de-france","16":"tag-lille","17":"tag-news","18":"tag-nouveaux-commerces","19":"tag-republique-francaise","20":"tag-restaurant"},"share_on_mastodon":{"url":"https:\/\/pubeurope.com\/@fr\/114954605900158101","error":""},"_links":{"self":[{"href":"https:\/\/www.europesays.com\/fr\/wp-json\/wp\/v2\/posts\/289478","targetHints":{"allow":["GET"]}}],"collection":[{"href":"https:\/\/www.europesays.com\/fr\/wp-json\/wp\/v2\/posts"}],"about":[{"href":"https:\/\/www.europesays.com\/fr\/wp-json\/wp\/v2\/types\/post"}],"author":[{"embeddable":true,"href":"https:\/\/www.europesays.com\/fr\/wp-json\/wp\/v2\/users\/2"}],"replies":[{"embeddable":true,"href":"https:\/\/www.europesays.com\/fr\/wp-json\/wp\/v2\/comments?post=289478"}],"version-history":[{"count":0,"href":"https:\/\/www.europesays.com\/fr\/wp-json\/wp\/v2\/posts\/289478\/revisions"}],"wp:featuredmedia":[{"embeddable":true,"href":"https:\/\/www.europesays.com\/fr\/wp-json\/wp\/v2\/media\/289479"}],"wp:attachment":[{"href":"https:\/\/www.europesays.com\/fr\/wp-json\/wp\/v2\/media?parent=289478"}],"wp:term":[{"taxonomy":"category","embeddable":true,"href":"https:\/\/www.europesays.com\/fr\/wp-json\/wp\/v2\/categories?post=289478"},{"taxonomy":"post_tag","embeddable":true,"href":"https:\/\/www.europesays.com\/fr\/wp-json\/wp\/v2\/tags?post=289478"}],"curies":[{"name":"wp","href":"https:\/\/api.w.org\/{rel}","templated":true}]}}