{"id":289484,"date":"2025-08-01T17:09:11","date_gmt":"2025-08-01T17:09:11","guid":{"rendered":"https:\/\/www.europesays.com\/fr\/289484\/"},"modified":"2025-08-01T17:09:11","modified_gmt":"2025-08-01T17:09:11","slug":"rhone-que-faire-ce-week-end-nos-bons-plans-dans-lest-lyonnais-4","status":"publish","type":"post","link":"https:\/\/www.europesays.com\/fr\/289484\/","title":{"rendered":"Rh\u00f4ne. Que faire ce week-end\u00a0? Nos bons plans dans l\u2019Est Lyonnais"},"content":{"rendered":"<p>                            Vaulx-en-Velin<\/p>\n<p><strong>1<\/strong> \u25ba Samedi, \u201cNuits des \u00e9toiles\u201d\u00a0: de nombreuses animations vous sont propos\u00e9es par les clubs participants cette ann\u00e9e, pour vous accompagner dans la d\u00e9couverte du ciel.<\/p>\n<p>\u201cLes oc\u00e9ans du ciel\u201d sera le th\u00e8me de l\u2019\u00e9dition 2025 des Nuits organis\u00e9es par l\u2019Association Fran\u00e7aise d\u2019Astronomie. Le ciel profond \u00e0 la port\u00e9e de nos t\u00e9lescopes, de la Voie Lact\u00e9e du nord au sud, depuis Cassiop\u00e9e et Pers\u00e9e, jusqu\u2019au Scorpion et au Sagittaire\u00a0! Direction vers le centre galactique, apr\u00e8s&#8230;<\/p>\n","protected":false},"excerpt":{"rendered":"Vaulx-en-Velin 1 \u25ba Samedi, \u201cNuits des \u00e9toiles\u201d\u00a0: de nombreuses animations vous sont propos\u00e9es par les clubs participants cette&hellip;\n","protected":false},"author":2,"featured_media":289485,"comment_status":"","ping_status":"","sticky":false,"template":"","format":"standard","meta":{"footnotes":""},"categories":[1889],"tags":[1111,11,2430,9492,12890,1687,3152,1777,674,1011,27,2428,12,25],"class_list":{"0":"post-289484","1":"post","2":"type-post","3":"status-publish","4":"format-standard","5":"has-post-thumbnail","7":"category-lyon","8":"tag-actu","9":"tag-actualites","10":"tag-auvergne-rhone-alpes","11":"tag-bron","12":"tag-bron-ville","13":"tag-culture-loisirs","14":"tag-edition-est-lyonnais","15":"tag-eu","16":"tag-europe","17":"tag-fr","18":"tag-france","19":"tag-lyon","20":"tag-news","21":"tag-republique-francaise"},"share_on_mastodon":{"url":"https:\/\/pubeurope.com\/@fr\/114954617730426172","error":""},"_links":{"self":[{"href":"https:\/\/www.europesays.com\/fr\/wp-json\/wp\/v2\/posts\/289484","targetHints":{"allow":["GET"]}}],"collection":[{"href":"https:\/\/www.europesays.com\/fr\/wp-json\/wp\/v2\/posts"}],"about":[{"href":"https:\/\/www.europesays.com\/fr\/wp-json\/wp\/v2\/types\/post"}],"author":[{"embeddable":true,"href":"https:\/\/www.europesays.com\/fr\/wp-json\/wp\/v2\/users\/2"}],"replies":[{"embeddable":true,"href":"https:\/\/www.europesays.com\/fr\/wp-json\/wp\/v2\/comments?post=289484"}],"version-history":[{"count":0,"href":"https:\/\/www.europesays.com\/fr\/wp-json\/wp\/v2\/posts\/289484\/revisions"}],"wp:featuredmedia":[{"embeddable":true,"href":"https:\/\/www.europesays.com\/fr\/wp-json\/wp\/v2\/media\/289485"}],"wp:attachment":[{"href":"https:\/\/www.europesays.com\/fr\/wp-json\/wp\/v2\/media?parent=289484"}],"wp:term":[{"taxonomy":"category","embeddable":true,"href":"https:\/\/www.europesays.com\/fr\/wp-json\/wp\/v2\/categories?post=289484"},{"taxonomy":"post_tag","embeddable":true,"href":"https:\/\/www.europesays.com\/fr\/wp-json\/wp\/v2\/tags?post=289484"}],"curies":[{"name":"wp","href":"https:\/\/api.w.org\/{rel}","templated":true}]}}