{"id":289496,"date":"2025-08-01T17:18:11","date_gmt":"2025-08-01T17:18:11","guid":{"rendered":"https:\/\/www.europesays.com\/fr\/289496\/"},"modified":"2025-08-01T17:18:11","modified_gmt":"2025-08-01T17:18:11","slug":"trump-ordonne-lenvoi-de-deux-sous-marins-nucleaires-dans-des-zones-appropriees-apres-des-commentaires-provocateurs-venant-de-russie-liberation","status":"publish","type":"post","link":"https:\/\/www.europesays.com\/fr\/289496\/","title":{"rendered":"Trump ordonne l\u2019envoi de deux sous-marins nucl\u00e9aires dans des \u00ab zones appropri\u00e9es\u00bb apr\u00e8s des commentaires \u00abprovocateurs\u00bb venant de Russie \u2013 Lib\u00e9ration"},"content":{"rendered":"<p class=\"sc-ksZaOG ehjQrN text-element\">Donald Trump a annonc\u00e9 vendredi sur son r\u00e9seau Truth Social avoir ordonn\u00e9 que \u00abdeux sous-marins nucl\u00e9aires soient positionn\u00e9s dans les zones appropri\u00e9es\u00bb apr\u00e8s des commentaires \u00abprovocateurs\u00bb de l\u2019ancien pr\u00e9sident russe Dmitri Medvedev.<\/p>\n<p class=\"sc-ksZaOG ehjQrN text-element\">\u00abJ\u2019ai ordonn\u00e9 que deux sous-marins nucl\u00e9aires soient positionn\u00e9s dans les zones appropri\u00e9es, au cas o\u00f9 ces d\u00e9clarations idiotes et incendiaires soient plus s\u00e9rieuses que cela. Les mots comptent et peuvent souvent avoir des cons\u00e9quences impr\u00e9vues, j\u2019esp\u00e8re que cela ne sera pas le cas cette fois\u00bb, a \u00e9crit le pr\u00e9sident am\u00e9ricain.<\/p>\n<p class=\"sc-ksZaOG ehjQrN text-element\">Dans un message r\u00e9cent sur X, le dirigeant russe, actuel num\u00e9ro deux du Conseil de s\u00e9curit\u00e9 du pays, avait \u00e9crit que chaque nouvel ultimatum fix\u00e9 par Donald Trump pour mettre fin \u00e0 la guerre en Ukraine \u00ab\u00e9tait une menace et un pas vers la guerre\u00bb avec les Etats-Unis.<\/p>\n<p class=\"sc-ksZaOG ehjQrN text-element\"><b>Plus d\u2019informations \u00e0 venir\u2026<\/b><\/p>\n","protected":false},"excerpt":{"rendered":"Donald Trump a annonc\u00e9 vendredi sur son r\u00e9seau Truth Social avoir ordonn\u00e9 que \u00abdeux sous-marins nucl\u00e9aires soient positionn\u00e9s&hellip;\n","protected":false},"author":2,"featured_media":289497,"comment_status":"","ping_status":"","sticky":false,"template":"","format":"standard","meta":{"footnotes":""},"categories":[1591],"tags":[11,75,73,1887,12,1885,1886,132],"class_list":{"0":"post-289496","1":"post","2":"type-post","3":"status-publish","4":"format-standard","5":"has-post-thumbnail","7":"category-russie","8":"tag-actualites","9":"tag-donald-trump","10":"tag-etats-unis","11":"tag-federation-de-russie","12":"tag-news","13":"tag-russia","14":"tag-russian-federation","15":"tag-russie"},"share_on_mastodon":{"url":"https:\/\/pubeurope.com\/@fr\/114954653091703596","error":""},"_links":{"self":[{"href":"https:\/\/www.europesays.com\/fr\/wp-json\/wp\/v2\/posts\/289496","targetHints":{"allow":["GET"]}}],"collection":[{"href":"https:\/\/www.europesays.com\/fr\/wp-json\/wp\/v2\/posts"}],"about":[{"href":"https:\/\/www.europesays.com\/fr\/wp-json\/wp\/v2\/types\/post"}],"author":[{"embeddable":true,"href":"https:\/\/www.europesays.com\/fr\/wp-json\/wp\/v2\/users\/2"}],"replies":[{"embeddable":true,"href":"https:\/\/www.europesays.com\/fr\/wp-json\/wp\/v2\/comments?post=289496"}],"version-history":[{"count":0,"href":"https:\/\/www.europesays.com\/fr\/wp-json\/wp\/v2\/posts\/289496\/revisions"}],"wp:featuredmedia":[{"embeddable":true,"href":"https:\/\/www.europesays.com\/fr\/wp-json\/wp\/v2\/media\/289497"}],"wp:attachment":[{"href":"https:\/\/www.europesays.com\/fr\/wp-json\/wp\/v2\/media?parent=289496"}],"wp:term":[{"taxonomy":"category","embeddable":true,"href":"https:\/\/www.europesays.com\/fr\/wp-json\/wp\/v2\/categories?post=289496"},{"taxonomy":"post_tag","embeddable":true,"href":"https:\/\/www.europesays.com\/fr\/wp-json\/wp\/v2\/tags?post=289496"}],"curies":[{"name":"wp","href":"https:\/\/api.w.org\/{rel}","templated":true}]}}