{"id":289500,"date":"2025-08-01T17:20:10","date_gmt":"2025-08-01T17:20:10","guid":{"rendered":"https:\/\/www.europesays.com\/fr\/289500\/"},"modified":"2025-08-01T17:20:10","modified_gmt":"2025-08-01T17:20:10","slug":"tensions-usa-russie-trump-deploie-deux-sous-marins-nucleaires","status":"publish","type":"post","link":"https:\/\/www.europesays.com\/fr\/289500\/","title":{"rendered":"Tensions USA-Russie: Trump d\u00e9ploie deux sous-marins nucl\u00e9aires"},"content":{"rendered":"<p>Donald Trump a annonc\u00e9 vendredi sur son r\u00e9seau Truth Social avoir ordonn\u00e9 que \u00abdeux sous-marins nucl\u00e9aires soient positionn\u00e9s dans les zones appropri\u00e9es\u00bb apr\u00e8s des commentaires \u00abprovocateurs\u00bb de l&rsquo;ancien pr\u00e9sident russe Dmitri Medvedev.<\/p>\n<p>\u00abJ&rsquo;ai ordonn\u00e9 que deux sous-marins nucl\u00e9aires soient positionn\u00e9s dans les zones appropri\u00e9es, au cas o\u00f9 ces d\u00e9clarations idiotes et incendiaires soient plus s\u00e9rieuses que cela. Les mots comptent et peuvent souvent avoir des cons\u00e9quences impr\u00e9vues, j&rsquo;esp\u00e8re que cela ne sera pas le cas cette fois\u00bb, a \u00e9crit le pr\u00e9sident am\u00e9ricain.<\/p>\n<p>Dans un message r\u00e9cent sur X, le dirigeant russe, actuel num\u00e9ro deux du Conseil de s\u00e9curit\u00e9 du pays, avait \u00e9crit que chaque nouvel ultimatum fix\u00e9 par Donald Trump pour mettre fin \u00e0 la guerre en Ukraine \u00ab\u00e9tait une menace et un pas vers la guerre\u00bb avec les \u00c9tats-Unis.<\/p>\n<p><strong>+++Plus d&rsquo;infos \u00e0 suivre+++<\/strong><\/p>\n","protected":false},"excerpt":{"rendered":"Donald Trump a annonc\u00e9 vendredi sur son r\u00e9seau Truth Social avoir ordonn\u00e9 que \u00abdeux sous-marins nucl\u00e9aires soient positionn\u00e9s&hellip;\n","protected":false},"author":2,"featured_media":289501,"comment_status":"","ping_status":"","sticky":false,"template":"","format":"standard","meta":{"footnotes":""},"categories":[1589],"tags":[11,73,1866,12,1864,1865,1863,308],"class_list":{"0":"post-289500","1":"post","2":"type-post","3":"status-publish","4":"format-standard","5":"has-post-thumbnail","7":"category-etats-unis","8":"tag-actualites","9":"tag-etats-unis","10":"tag-etats-unis-damerique","11":"tag-news","12":"tag-united-states","13":"tag-united-states-of-america","14":"tag-us","15":"tag-usa"},"share_on_mastodon":{"url":"https:\/\/pubeurope.com\/@fr\/114954661001159786","error":""},"_links":{"self":[{"href":"https:\/\/www.europesays.com\/fr\/wp-json\/wp\/v2\/posts\/289500","targetHints":{"allow":["GET"]}}],"collection":[{"href":"https:\/\/www.europesays.com\/fr\/wp-json\/wp\/v2\/posts"}],"about":[{"href":"https:\/\/www.europesays.com\/fr\/wp-json\/wp\/v2\/types\/post"}],"author":[{"embeddable":true,"href":"https:\/\/www.europesays.com\/fr\/wp-json\/wp\/v2\/users\/2"}],"replies":[{"embeddable":true,"href":"https:\/\/www.europesays.com\/fr\/wp-json\/wp\/v2\/comments?post=289500"}],"version-history":[{"count":0,"href":"https:\/\/www.europesays.com\/fr\/wp-json\/wp\/v2\/posts\/289500\/revisions"}],"wp:featuredmedia":[{"embeddable":true,"href":"https:\/\/www.europesays.com\/fr\/wp-json\/wp\/v2\/media\/289501"}],"wp:attachment":[{"href":"https:\/\/www.europesays.com\/fr\/wp-json\/wp\/v2\/media?parent=289500"}],"wp:term":[{"taxonomy":"category","embeddable":true,"href":"https:\/\/www.europesays.com\/fr\/wp-json\/wp\/v2\/categories?post=289500"},{"taxonomy":"post_tag","embeddable":true,"href":"https:\/\/www.europesays.com\/fr\/wp-json\/wp\/v2\/tags?post=289500"}],"curies":[{"name":"wp","href":"https:\/\/api.w.org\/{rel}","templated":true}]}}