{"id":289502,"date":"2025-08-01T17:21:10","date_gmt":"2025-08-01T17:21:10","guid":{"rendered":"https:\/\/www.europesays.com\/fr\/289502\/"},"modified":"2025-08-01T17:21:10","modified_gmt":"2025-08-01T17:21:10","slug":"guernesey-recoit-plus-de-voyageurs-de-saint-malo-que-du-royaume-uni","status":"publish","type":"post","link":"https:\/\/www.europesays.com\/fr\/289502\/","title":{"rendered":"Guernesey re\u00e7oit plus de voyageurs de Saint-Malo que du Royaume-Uni"},"content":{"rendered":"<p>L\u2019\u00eele de Guernesey a vu son flot de passagers maritimes augmenter de 6\u00a0% depuis le d\u00e9but de l\u2019ann\u00e9e, par rapport \u00e0 la m\u00eame p\u00e9riode, l\u2019ann\u00e9e derni\u00e8re. Le <a href=\"https:\/\/guernseypress.com\/news\/2025\/08\/01\/st-malo-overtakes-poole-as-islands-busiest-sea-route\" target=\"_blank\" rel=\"noopener\">Guernesey Press<\/a>, le journal local de l\u2019\u00eele Anglo-normande, a r\u00e9v\u00e9l\u00e9, vendredi 1er ao\u00fbt, les chiffres de la mi-ann\u00e9e, li\u00e9s au trafic de voyageurs.<\/p>\n<p>On y apprend que 45\u00a0000 voyageurs sont venus sur l\u2019\u00eele depuis Saint-Malo, par bateau. En 2024, \u00e0 la m\u00eame p\u00e9riode, ils \u00e9taient seulement 27\u00a0000. La cit\u00e9 corsaire passe alors, en termes de passagers, devant Poole, de l\u2019autre c\u00f4t\u00e9 de la Manche\u00a0: 41\u00a0000\u00a0visiteurs sont venus du Royaume-Uni depuis ce port.<\/p>\n<p>En septembre 2024, l\u2019entreprise bretonne <a href=\"https:\/\/www.letelegramme.fr\/economie\/huit-entreprises-bretonnes-entrent-au-capital-de-brittany-ferries-6658805.php\" target=\"_blank\" rel=\"noopener\">Brittany Ferries est devenue l\u2019actionnaire majoritaire de Condor<\/a>, avant de remporter, en octobre,<a href=\"https:\/\/www.letelegramme.fr\/ille-et-vilaine\/saint-malo-35400\/la-brittany-ferries-devra-t-elle-reduire-ses-liaisons-entre-la-bretagne-et-les-iles-anglo-normandes-6711140.php\" target=\"_blank\" rel=\"noopener\"> l\u2019appel d\u2019offres lui assurant, jusqu\u2019en 2040<\/a>, d\u2019op\u00e9rer les liaisons entre la Bretagne et Guernesey.<\/p>\n","protected":false},"excerpt":{"rendered":"L\u2019\u00eele de Guernesey a vu son flot de passagers maritimes augmenter de 6\u00a0% depuis le d\u00e9but de l\u2019ann\u00e9e,&hellip;\n","protected":false},"author":2,"featured_media":289503,"comment_status":"","ping_status":"","sticky":false,"template":"","format":"standard","meta":{"footnotes":""},"categories":[1588],"tags":[11,829,42843,257,1777,674,848,6127,12,473,1853,3728,1851,1850,1852],"class_list":{"0":"post-289502","1":"post","2":"type-post","3":"status-publish","4":"format-standard","5":"has-post-thumbnail","7":"category-royaume-uni","8":"tag-actualites","9":"tag-bretagne","10":"tag-brittany-ferries","11":"tag-entreprise","12":"tag-eu","13":"tag-europe","14":"tag-ille-et-vilaine","15":"tag-mer","16":"tag-news","17":"tag-royaume-uni","18":"tag-royaume-uni-de-grande-bretagne-et-dirlande-du-nord","19":"tag-saint-malo","20":"tag-uk","21":"tag-united-kingdom","22":"tag-united-kingdom-of-great-britain-and-northern-ireland"},"share_on_mastodon":{"url":"https:\/\/pubeurope.com\/@fr\/114954664879238287","error":""},"_links":{"self":[{"href":"https:\/\/www.europesays.com\/fr\/wp-json\/wp\/v2\/posts\/289502","targetHints":{"allow":["GET"]}}],"collection":[{"href":"https:\/\/www.europesays.com\/fr\/wp-json\/wp\/v2\/posts"}],"about":[{"href":"https:\/\/www.europesays.com\/fr\/wp-json\/wp\/v2\/types\/post"}],"author":[{"embeddable":true,"href":"https:\/\/www.europesays.com\/fr\/wp-json\/wp\/v2\/users\/2"}],"replies":[{"embeddable":true,"href":"https:\/\/www.europesays.com\/fr\/wp-json\/wp\/v2\/comments?post=289502"}],"version-history":[{"count":0,"href":"https:\/\/www.europesays.com\/fr\/wp-json\/wp\/v2\/posts\/289502\/revisions"}],"wp:featuredmedia":[{"embeddable":true,"href":"https:\/\/www.europesays.com\/fr\/wp-json\/wp\/v2\/media\/289503"}],"wp:attachment":[{"href":"https:\/\/www.europesays.com\/fr\/wp-json\/wp\/v2\/media?parent=289502"}],"wp:term":[{"taxonomy":"category","embeddable":true,"href":"https:\/\/www.europesays.com\/fr\/wp-json\/wp\/v2\/categories?post=289502"},{"taxonomy":"post_tag","embeddable":true,"href":"https:\/\/www.europesays.com\/fr\/wp-json\/wp\/v2\/tags?post=289502"}],"curies":[{"name":"wp","href":"https:\/\/api.w.org\/{rel}","templated":true}]}}