{"id":289504,"date":"2025-08-01T17:22:10","date_gmt":"2025-08-01T17:22:10","guid":{"rendered":"https:\/\/www.europesays.com\/fr\/289504\/"},"modified":"2025-08-01T17:22:10","modified_gmt":"2025-08-01T17:22:10","slug":"allemagne-italie-france-les-pays-de-lue-les-plus-touches-par-les-droits-de-douane-de-15","status":"publish","type":"post","link":"https:\/\/www.europesays.com\/fr\/289504\/","title":{"rendered":"Allemagne, Italie, France\u2026 Les pays de l&rsquo;UE les plus touch\u00e9s par les droits de douane de 15\u00a0%"},"content":{"rendered":"<p>Quels pays de l&rsquo;Union europ\u00e9enne seront les plus touch\u00e9s par les droits de douane de Donald Trump\u00a0? Le pr\u00e9sident am\u00e9ricain a annonc\u00e9 dimanche 27\u00a0juillet des droits de douane \u00e0 15\u00a0% pour tous les pays de l&rsquo;Union europ\u00e9enne (UE).<\/p>\n<p>Cette surtaxe va porter un coup \u00e0 l&rsquo;\u00e9conomie europ\u00e9enne\u00a0: l&rsquo;UE, dans son ensemble, d\u00e9gageait un exc\u00e9dent commercial vis-\u00e0-vis des \u00c9tats-Unis de 235,6\u00a0milliards de dollars (201,5\u00a0milliards d&rsquo;euros), selon le Bureau d&rsquo;analyse \u00e9conomique\u00a0(BEA), qui d\u00e9pend du d\u00e9partement am\u00e9ricain du Commerce et qui a publi\u00e9 ses statistiques pour 2024 d\u00e9but f\u00e9vrier. Seule la Chine affiche un montant sup\u00e9rieur. Par ailleurs, selon Eurostat, 20\u00a0% des biens export\u00e9s depuis l&rsquo;Union le sont \u00e0 destination des \u00c9tats-Unis.<\/p>\n<p>Mais les Vingt-Sept, plus ou moins exportateurs, ne seront pas p\u00e9nalis\u00e9s de la m\u00eame fa\u00e7on quand la mesure entrera en vigueur le 7\u00a0ao\u00fbt.<\/p>\n<p>Allemagne<\/p>\n<p>En valeur, c&rsquo;est de loin l&rsquo;Allemagne qui, au sein de l&rsquo;UE, exporte le plus de marchandises vers les \u00c9tats-Unis, pour un montant de 161,2\u00a0milliards d&rsquo;euros en 2024, selon des donn\u00e9es Eurostat. Premi\u00e8re \u00e9conomie de l&rsquo;UE, l&rsquo;Allemagne a d\u00e9gag\u00e9 en 2024 un exc\u00e9dent commercial record avec les \u00c9tats-Unis atteignant 84,8\u00a0milliards de dollars.<\/p>\n<p>Les \u00c9tats-Unis absorbent \u00e0 eux seuls 10,5\u00a0% des exportations allemandes,\u00a0selon l&rsquo;office f\u00e9d\u00e9ral de statistiques allemand Destatis. Les Am\u00e9ricains se montrent friands des marques automobiles venues d&rsquo;Allemagne, mais aussi de machines-outils et de produits pharmaceutiques\u00a0\u00ab\u00a0Made in Germany\u00a0\u00bb. La banque centrale allemande a averti en d\u00e9but d&rsquo;ann\u00e9e que l&rsquo;imposition de droits de douane am\u00e9ricains sur les produits allemands pourrait r\u00e9duire de 1\u00a0% le produit int\u00e9rieur brut du pays.<\/p>\n<p>Irlande<\/p>\n<p>L&rsquo;Allemagne est suivie par l&rsquo;Irlande, avec 72\u00a0milliards d&rsquo;euros d&rsquo;exportations. L&rsquo;Irlande enregistre l&rsquo;exc\u00e9dent commercial le plus large des membres de l&rsquo;Union avec 86,7\u00a0milliards de dollars en valeur. C&rsquo;est aux \u00c9tats-Unis que l&rsquo;Irlande exporte plus du quart de ses produits. Cela s&rsquo;explique notamment par l&rsquo;implantation en Irlande de grands groupes am\u00e9ricains, notamment pharmaceutiques, comme Pfizer, Eli Lilly ou Johnson &amp;\u00a0Johnson, qui se sont install\u00e9s dans cet \u00c9tat membre pour y b\u00e9n\u00e9ficier d&rsquo;un imp\u00f4t \u00e0 15\u00a0% sur les grandes soci\u00e9t\u00e9s, contre 21\u00a0% aux \u00c9tats-Unis.<\/p>\n<p>Ces soci\u00e9t\u00e9s peuvent ainsi h\u00e9berger leurs brevets en Irlande et vendre sur le march\u00e9 am\u00e9ricain, o\u00f9 les prix des m\u00e9dicaments sont traditionnellement plus \u00e9lev\u00e9s que dans le reste du monde. Donald Trump a pr\u00e9cis\u00e9 dimanche que le secteur pharmaceutique ne b\u00e9n\u00e9ficierait pas d&rsquo;un traitement particulier.<\/p>\n<p>L&rsquo;Irlande accueille par ailleurs sur son sol la plupart des si\u00e8ges europ\u00e9ens des g\u00e9ants am\u00e9ricains de la\u00a0\u00ab\u00a0tech\u00a0\u00bb, comme Apple, Google ou Meta, \u00e9galement s\u00e9duits par la fiscalit\u00e9 irlandaise attractive.<\/p>\n<p>Italie et France<\/p>\n<p>L&rsquo;Italie et la France, avec\u00a0respectivement 65\u00a0et 47\u00a0milliards d&rsquo;euros d&rsquo;exportations, seraient vraisemblablement moins touch\u00e9es. Les deux pays enregistrent respectivement 44\u00a0milliards de dollars et 16,4\u00a0milliards de dollars d&rsquo;exc\u00e9dent, selon les Am\u00e9ricains (mais pour la France un d\u00e9ficit de quelques milliards, selon les statistiques des douanes). Toutefois, les retomb\u00e9es varient d&rsquo;un secteur d&rsquo;activit\u00e9 \u00e0 l&rsquo;autre au sein de chacune de ces deux \u00e9conomies.<\/p>\n<p>L&rsquo;agroalimentaire et les produits viticoles en particulier seraient affect\u00e9s dans les deux pays. Les Am\u00e9ricains ont l&rsquo;habitude de consommer des produits \u00ab\u00a0Made in France\u00a0\u00bb et \u00ab\u00a0Made in Italy\u00a0\u00bb, mais pourraient en raffoler nettement moins si les prix grimpent pour tenir compte des droits de douane. Le secteur fran\u00e7ais du luxe (parfums, maroquinerie, etc.) est \u00e9galement tr\u00e8s expos\u00e9.<\/p>\n<p>Pour le num\u00e9ro un mondial du luxe, LVMH, un droit de douane de 15\u00a0% \u00ab\u00a0serait un bon r\u00e9sultat\u00a0\u00bb, avait fait savoir le groupe jeudi 31 juillet en publiant ses r\u00e9sultats semestriels, marqu\u00e9s par une chute du b\u00e9n\u00e9fice net et des ventes. Il pense pouvoir compenser en augmentant ses prix et en optimisant sa production, notamment aux \u00c9tats-Unis.<\/p>\n","protected":false},"excerpt":{"rendered":"Quels pays de l&rsquo;Union europ\u00e9enne seront les plus touch\u00e9s par les droits de douane de Donald Trump\u00a0? Le&hellip;\n","protected":false},"author":2,"featured_media":289505,"comment_status":"","ping_status":"","sticky":false,"template":"","format":"standard","meta":{"footnotes":""},"categories":[1587],"tags":[17,11,672,1804,1805,1803,33,1777,674,27,1801,452,1861,151,12,5457,1802],"class_list":{"0":"post-289504","1":"post","2":"type-post","3":"status-publish","4":"format-standard","5":"has-post-thumbnail","7":"category-allemagne","8":"tag-17","9":"tag-actualites","10":"tag-allemagne","11":"tag-bundesrepublik-deutschland","12":"tag-de","13":"tag-deutschland","14":"tag-economie","15":"tag-eu","16":"tag-europe","17":"tag-france","18":"tag-germany","19":"tag-italie","20":"tag-lue","21":"tag-les","22":"tag-news","23":"tag-pays","24":"tag-republique-federale-dallemagne"},"share_on_mastodon":{"url":"https:\/\/pubeurope.com\/@fr\/114954668860826302","error":""},"_links":{"self":[{"href":"https:\/\/www.europesays.com\/fr\/wp-json\/wp\/v2\/posts\/289504","targetHints":{"allow":["GET"]}}],"collection":[{"href":"https:\/\/www.europesays.com\/fr\/wp-json\/wp\/v2\/posts"}],"about":[{"href":"https:\/\/www.europesays.com\/fr\/wp-json\/wp\/v2\/types\/post"}],"author":[{"embeddable":true,"href":"https:\/\/www.europesays.com\/fr\/wp-json\/wp\/v2\/users\/2"}],"replies":[{"embeddable":true,"href":"https:\/\/www.europesays.com\/fr\/wp-json\/wp\/v2\/comments?post=289504"}],"version-history":[{"count":0,"href":"https:\/\/www.europesays.com\/fr\/wp-json\/wp\/v2\/posts\/289504\/revisions"}],"wp:featuredmedia":[{"embeddable":true,"href":"https:\/\/www.europesays.com\/fr\/wp-json\/wp\/v2\/media\/289505"}],"wp:attachment":[{"href":"https:\/\/www.europesays.com\/fr\/wp-json\/wp\/v2\/media?parent=289504"}],"wp:term":[{"taxonomy":"category","embeddable":true,"href":"https:\/\/www.europesays.com\/fr\/wp-json\/wp\/v2\/categories?post=289504"},{"taxonomy":"post_tag","embeddable":true,"href":"https:\/\/www.europesays.com\/fr\/wp-json\/wp\/v2\/tags?post=289504"}],"curies":[{"name":"wp","href":"https:\/\/api.w.org\/{rel}","templated":true}]}}