{"id":289510,"date":"2025-08-01T17:25:12","date_gmt":"2025-08-01T17:25:12","guid":{"rendered":"https:\/\/www.europesays.com\/fr\/289510\/"},"modified":"2025-08-01T17:25:12","modified_gmt":"2025-08-01T17:25:12","slug":"la-france-gele-laccueil-de-palestiniens-le-temps-denqueter-sur-letudiante-accusee-de-propos-antisemites-liberation","status":"publish","type":"post","link":"https:\/\/www.europesays.com\/fr\/289510\/","title":{"rendered":"La France g\u00e8le l\u2019accueil de Palestiniens le temps d\u2019enqu\u00eater sur l\u2019\u00e9tudiante accus\u00e9e de propos antis\u00e9mites \u2013 Lib\u00e9ration"},"content":{"rendered":"<p class=\"sc-ksZaOG ehjQrN text-element\"><a href=\"https:\/\/www.liberation.fr\/international\/moyen-orient\/la-france-accorde-pour-la-premiere-fois-le-statut-de-refugie-a-des-gazaouis-non-proteges-par-lonu-20250711_CYBSEOV33REQDGWPKR2UXSPEJU\/\" target=\"_blank\" rel=\"noreferrer noopener\" title=\"https:\/\/www.liberation.fr\/international\/moyen-orient\/la-france-accorde-pour-la-premiere-fois-le-statut-de-refugie-a-des-gazaouis-non-proteges-par-lonu-20250711_CYBSEOV33REQDGWPKR2UXSPEJU\/\">La France n\u2019acceptera plus sur son territoire de Gazaouis \u00e9vacu\u00e9s<\/a> avant les conclusions d\u2019une enqu\u00eate sur les failles ayant permis l\u2019accueil d\u2019une \u00e9tudiante accus\u00e9e de propos antis\u00e9mites, a d\u00e9clar\u00e9 ce vendredi 1er\u00a0ao\u00fbt le ministre fran\u00e7ais des Affaires \u00e9trang\u00e8res. \u00abAucune op\u00e9ration de ce type, aucune \u00e9vacuation d\u2019aucune sorte ne se tiendra tant que nous n\u2019aurons pas tir\u00e9 les cons\u00e9quences de cette enqu\u00eate\u00bb, a affirm\u00e9 Jean-No\u00ebl Barrot sur France Info. De plus, \u00abtous les profils qui sont entr\u00e9s en France vont faire l\u2019objet d\u2019une nouvelle v\u00e9rification\u00bb, a ajout\u00e9 le ministre, alors que la France a accueilli des centaines de Gazaouis depuis le d\u00e9clenchement de la guerre entre Isra\u00ebl et le Hamas.<\/p>\n<p class=\"sc-ksZaOG ehjQrN text-element\">Le Quai d\u2019Orsay, par la suite sollicit\u00e9 par l\u2019AFP pour savoir combien de personnes seront concern\u00e9es par cette d\u00e9cision, a r\u00e9pondu que le chiffre n\u2019\u00e9tait pas communicable pour raisons de confidentialit\u00e9.<\/p>\n<p class=\"sc-ksZaOG ehjQrN text-element\">Le parquet de Lille a annonc\u00e9 jeudi avoir ouvert une enqu\u00eate pour apologie du terrorisme et apologie de crime contre l\u2019humanit\u00e9 concernant <a href=\"https:\/\/www.liberation.fr\/societe\/education\/sciences-po-lille-linscription-dune-etudiante-gazaouie-annulee-apres-la-decouverte-de-propos-antisemites-sur-internet-20250730_TFFIEFXZENH25JP46AY4NUJTNA\/?redirected=1\" target=\"_blank\" rel=\"noreferrer noopener\" title=\"https:\/\/www.liberation.fr\/societe\/education\/sciences-po-lille-linscription-dune-etudiante-gazaouie-annulee-apres-la-decouverte-de-propos-antisemites-sur-internet-20250730_TFFIEFXZENH25JP46AY4NUJTNA\/?redirected=1\">les publications sur les r\u00e9seaux sociaux d\u2019une \u00e9tudiante gazaouie, dont Sciences-Po Lille a annul\u00e9 l\u2019inscription mercredi.<\/a> Des captures d\u2019\u00e9cran circulant sur les r\u00e9seaux sociaux montrent qu\u2019un compte, attribu\u00e9 \u00e0 cette \u00e9tudiante par des internautes et ferm\u00e9 depuis, a repartag\u00e9 des messages appelant \u00e0 tuer des Juifs.<\/p>\n<p class=\"sc-ksZaOG ehjQrN text-element\">La jeune femme a \u00e9t\u00e9 d\u00e9sinscrite de l\u2019Institut d\u2019\u00e9tudes politiques de Lille, o\u00f9 elle devait \u00e9tudier \u00e0 partir de septembre, en raison du contenu de certaines de ses publications qui \u00abentre en contradiction frontale avec les valeurs port\u00e9es par Sciences-Po Lille\u00bb, a indiqu\u00e9 l\u2019\u00e9tablissement mercredi. L\u2019IEP a par ailleurs expliqu\u00e9 avoir \u00abaccueilli cette \u00e9tudiante sur proposition du consulat g\u00e9n\u00e9ral de France \u00e0 J\u00e9rusalem\u00bb.<\/p>\n<p class=\"sc-ksZaOG ehjQrN text-element\">\u00abNous luttons avec acharnement contre l\u2019antis\u00e9mitisme et contre toutes les formes de discriminations dans l\u2019enseignement sup\u00e9rieur, ce n\u2019est pas pour que nous nous retrouvions \u00e0 accueillir une \u00e9tudiante internationale qui fait l\u2019apologie du nazisme\u00bb, a pour sa part r\u00e9agi le ministre de l\u2019Enseignement sup\u00e9rieur et de la Recherche, Philippe Baptiste, constatant une \u00abfaille au stade du criblage par les minist\u00e8res comp\u00e9tents\u00bb. Le ministre, qui avait demand\u00e9 que le cas de cette \u00e9tudiante soit trait\u00e9 \u00abavec la plus grande fermet\u00e9\u00bb, fera des propositions \u00ab\u00e0 la rentr\u00e9e\u00bb pour \u00abam\u00e9liorer le processus de s\u00e9lection\u00bb des \u00e9tudiants internationaux.<\/p>\n<p class=\"sc-ksZaOG ehjQrN text-element\">\u00abPourquoi on est pass\u00e9 \u00e0 travers\u00a0? Il y a quand m\u00eame une question, il faut y r\u00e9pondre\u00bb, a \u00e9galement reconnu jeudi sur RMC <a href=\"https:\/\/www.liberation.fr\/checknews\/que-signifie-detre-place-aupres-du-premier-ministre-pour-les-nouveaux-ministres-du-budget-et-des-outre-mer-20240930_ZMU5IBKNTFC3BK5WK7FVMYJXDE\/\" target=\"_blank\" rel=\"noreferrer noopener\" title=\"https:\/\/www.liberation.fr\/checknews\/que-signifie-detre-place-aupres-du-premier-ministre-pour-les-nouveaux-ministres-du-budget-et-des-outre-mer-20240930_ZMU5IBKNTFC3BK5WK7FVMYJXDE\/\">Fran\u00e7ois-No\u00ebl Buffet, ministre aupr\u00e8s du ministre de l\u2019Int\u00e9rieur<\/a>. \u00abIl y aura des poursuites qui seront engag\u00e9es et sur la base de ces \u00e9l\u00e9ments-l\u00e0, elle est susceptible d\u2019\u00eatre renvoy\u00e9e dans son pays, bien \u00e9videmment\u00bb, avait-il ajout\u00e9.<\/p>\n<p class=\"sc-ksZaOG ehjQrN text-element\">Jean-No\u00ebl Barrot a, lui, ass\u00e9n\u00e9 que la jeune fille \u00abn\u2019avait pas sa place en France\u00bb. \u00abElle doit quitter le territoire national\u00bb, a-t-il d\u00e9clar\u00e9, ajoutant que des discussions \u00e9taient \u00aben cours\u00bb pour trouver une destination.<\/p>\n<p class=\"sc-ksZaOG ehjQrN text-element\"><b>Mise \u00e0 jour<\/b> \u00e0 18\u00a0h\u00a006 avec la r\u00e9action du ministre de l\u2019Enseignement sup\u00e9rieur et des \u00e9l\u00e9ments fournis par le Quai d\u2019Orsay.<\/p>\n","protected":false},"excerpt":{"rendered":"La France n\u2019acceptera plus sur son territoire de Gazaouis \u00e9vacu\u00e9s avant les conclusions d\u2019une enqu\u00eate sur les failles&hellip;\n","protected":false},"author":2,"featured_media":289511,"comment_status":"","ping_status":"","sticky":false,"template":"","format":"standard","meta":{"footnotes":""},"categories":[2],"tags":[11,312,1011,27,3517,664,3523,261,12,25],"class_list":{"0":"post-289510","1":"post","2":"type-post","3":"status-publish","4":"format-standard","5":"has-post-thumbnail","7":"category-actualites","8":"tag-actualites","9":"tag-diplomatie","10":"tag-fr","11":"tag-france","12":"tag-gaza-l-escalade","13":"tag-israel","14":"tag-israel-palestine-conflit","15":"tag-ministere-des-affaires-etrangeres","16":"tag-news","17":"tag-republique-francaise"},"share_on_mastodon":{"url":"https:\/\/pubeurope.com\/@fr\/114954680642651006","error":""},"_links":{"self":[{"href":"https:\/\/www.europesays.com\/fr\/wp-json\/wp\/v2\/posts\/289510","targetHints":{"allow":["GET"]}}],"collection":[{"href":"https:\/\/www.europesays.com\/fr\/wp-json\/wp\/v2\/posts"}],"about":[{"href":"https:\/\/www.europesays.com\/fr\/wp-json\/wp\/v2\/types\/post"}],"author":[{"embeddable":true,"href":"https:\/\/www.europesays.com\/fr\/wp-json\/wp\/v2\/users\/2"}],"replies":[{"embeddable":true,"href":"https:\/\/www.europesays.com\/fr\/wp-json\/wp\/v2\/comments?post=289510"}],"version-history":[{"count":0,"href":"https:\/\/www.europesays.com\/fr\/wp-json\/wp\/v2\/posts\/289510\/revisions"}],"wp:featuredmedia":[{"embeddable":true,"href":"https:\/\/www.europesays.com\/fr\/wp-json\/wp\/v2\/media\/289511"}],"wp:attachment":[{"href":"https:\/\/www.europesays.com\/fr\/wp-json\/wp\/v2\/media?parent=289510"}],"wp:term":[{"taxonomy":"category","embeddable":true,"href":"https:\/\/www.europesays.com\/fr\/wp-json\/wp\/v2\/categories?post=289510"},{"taxonomy":"post_tag","embeddable":true,"href":"https:\/\/www.europesays.com\/fr\/wp-json\/wp\/v2\/tags?post=289510"}],"curies":[{"name":"wp","href":"https:\/\/api.w.org\/{rel}","templated":true}]}}