{"id":289514,"date":"2025-08-01T17:27:22","date_gmt":"2025-08-01T17:27:22","guid":{"rendered":"https:\/\/www.europesays.com\/fr\/289514\/"},"modified":"2025-08-01T17:27:22","modified_gmt":"2025-08-01T17:27:22","slug":"squiban-soffre-le-double-a-chambery","status":"publish","type":"post","link":"https:\/\/www.europesays.com\/fr\/289514\/","title":{"rendered":"Squiban s&rsquo;offre le doubl\u00e9 \u00e0 Chamb\u00e9ry"},"content":{"rendered":"<p><strong>Ma\u00ebva Squiban (UAE Team-ADQ), qui a remport\u00e9 une seconde victoire d&rsquo;\u00e9tape, ce vendredi \u00e0 Chamb\u00e9ry\u00a0:<\/strong> \u00ab Gagner une fois sur le Tour, c\u2019est d\u00e9j\u00e0 \u00e9norme. Une deuxi\u00e8me victoire aujourd\u2019hui, franchement j\u2019ai encore moins de mots qu\u2019hier. J\u2019avais dit hier pour rigoler \u2018\u2019bon bah j\u2019attaque kilom\u00e8tre 0\u2019\u2019. Finalement, je l\u2019ai fait. De base, c\u2019\u00e9tait une blague. <a href=\"https:\/\/www.ledauphine.com\/tour-de-france\/2025\/08\/01\/debut-du-triptyque-alpin-le-col-du-granier-en-juge-de-paix-suivez-la-7e-etape\" target=\"_blank\" rel=\"noopener\">Au final, c\u2019est all\u00e9 au bout<\/a>. C\u2019est juste incroyable. Je n\u2019avais pas ce doubl\u00e9 dans un coin de la t\u00eate. Bien-s\u00fbr, on reste concentr\u00e9e parce qu\u2019on ne sait pas ce qui peut se passer jusqu\u2019\u00e0 la fin. Ce n\u2019\u00e9tait pas tr\u00e8s intelligent de ma part de dire \u00e7a, mais au final \u00e7a a march\u00e9. C\u2019\u00e9tait une journ\u00e9e incroyable, l\u2019une des plus dures de ma vie, tant mentalement que physiquement. Sur le Tour, il faut tout donner. Dans la derni\u00e8re mont\u00e9e, j\u2019avais tellement envie de m\u2019allonger par terre. \u00c0 la fin, je n\u2019entendais plus rien. Les quinze derniers kilom\u00e8tres, c\u2019est comme si je n\u2019\u00e9tais plus l\u00e0. Je demandais les \u00e9carts mais je n\u2019entendais plus rien. \u00bb<\/p>\n<p><strong>\u00c9vita Muzic (FDJ-Suez)\u00a0:<\/strong> \u00ab\u00a0C&rsquo;\u00e9tait une \u00e9tape assez particuli\u00e8re. On se doutait qu&rsquo;une \u00e9chapp\u00e9e pouvait aller loin et on avait une fille \u00e0 l&rsquo;avant (Marie Le Net, ndlr). Apr\u00e8s, dans le peloton, \u00e7a s&rsquo;est pass\u00e9 assez tranquillement jusqu&rsquo;\u00e0 la fin de la derni\u00e8re mont\u00e9e. L\u00e0, je savais que \u00e7a allait rouler \u00e0 bloc dans la descente car il y a pas mal d&rsquo;\u00e9quipes qui tentent de distancer celles qui sont moins \u00e0 l&rsquo;aise dans cet exercice. On a vraiment une \u00e9quipe tr\u00e8s tr\u00e8s forte autour de Demi (Vollering), notamment en montagne, et l\u00e0 on va enfin arriver sur notre terrain. On va pouvoir vraiment montrer ce qu&rsquo;on sait faire de mieux.\u00a0\u00bb<\/p>\n<p class=\"componentDescription\">\u00c9lise Chabbey revient sur son parcours<\/p>\n<p>\t<img class=\"placeholder-svg\" loading=\"lazy\" decoding=\"async\" src=\"https:\/\/cdn-files.prsmedia.fr\/files\/REDAC\/images\/svg\/placeholders\/twitter-X.svg\" alt=\"Twitter PlaceHolder\"\/><\/p>\n","protected":false},"excerpt":{"rendered":"Ma\u00ebva Squiban (UAE Team-ADQ), qui a remport\u00e9 une seconde victoire d&rsquo;\u00e9tape, ce vendredi \u00e0 Chamb\u00e9ry\u00a0: \u00ab Gagner une&hellip;\n","protected":false},"author":2,"featured_media":289515,"comment_status":"","ping_status":"","sticky":false,"template":"","format":"standard","meta":{"footnotes":""},"categories":[4],"tags":[11,5509,12844,207,7001,107,1701,1011,27,12,25,5508,517,1947,11098],"class_list":{"0":"post-289514","1":"post","2":"type-post","3":"status-publish","4":"format-standard","5":"has-post-thumbnail","7":"category-france","8":"tag-actualites","9":"tag-chambery","10":"tag-chambery-bassin","11":"tag-cyclisme","12":"tag-edition-chambery-aix-les-bains","13":"tag-fil-info","14":"tag-fil-info-sport","15":"tag-fr","16":"tag-france","17":"tag-news","18":"tag-republique-francaise","19":"tag-savoie","20":"tag-sport","21":"tag-sport-national","22":"tag-tour-de-france-femmes"},"share_on_mastodon":{"url":"https:\/\/pubeurope.com\/@fr\/114954688470724470","error":""},"_links":{"self":[{"href":"https:\/\/www.europesays.com\/fr\/wp-json\/wp\/v2\/posts\/289514","targetHints":{"allow":["GET"]}}],"collection":[{"href":"https:\/\/www.europesays.com\/fr\/wp-json\/wp\/v2\/posts"}],"about":[{"href":"https:\/\/www.europesays.com\/fr\/wp-json\/wp\/v2\/types\/post"}],"author":[{"embeddable":true,"href":"https:\/\/www.europesays.com\/fr\/wp-json\/wp\/v2\/users\/2"}],"replies":[{"embeddable":true,"href":"https:\/\/www.europesays.com\/fr\/wp-json\/wp\/v2\/comments?post=289514"}],"version-history":[{"count":0,"href":"https:\/\/www.europesays.com\/fr\/wp-json\/wp\/v2\/posts\/289514\/revisions"}],"wp:featuredmedia":[{"embeddable":true,"href":"https:\/\/www.europesays.com\/fr\/wp-json\/wp\/v2\/media\/289515"}],"wp:attachment":[{"href":"https:\/\/www.europesays.com\/fr\/wp-json\/wp\/v2\/media?parent=289514"}],"wp:term":[{"taxonomy":"category","embeddable":true,"href":"https:\/\/www.europesays.com\/fr\/wp-json\/wp\/v2\/categories?post=289514"},{"taxonomy":"post_tag","embeddable":true,"href":"https:\/\/www.europesays.com\/fr\/wp-json\/wp\/v2\/tags?post=289514"}],"curies":[{"name":"wp","href":"https:\/\/api.w.org\/{rel}","templated":true}]}}