{"id":289518,"date":"2025-08-01T17:30:17","date_gmt":"2025-08-01T17:30:17","guid":{"rendered":"https:\/\/www.europesays.com\/fr\/289518\/"},"modified":"2025-08-01T17:30:17","modified_gmt":"2025-08-01T17:30:17","slug":"benazzi-confirme-lambition-daffronter-une-grande-selection-du-jamais-vu-depuis-1989","status":"publish","type":"post","link":"https:\/\/www.europesays.com\/fr\/289518\/","title":{"rendered":"Benazzi confirme l\u2019ambition d\u2019affronter une grande s\u00e9lection, du jamais vu depuis 1989"},"content":{"rendered":"<p>Le match de gala se pr\u00e9cise pour les supporters du XV de France. Depuis quelques mois, les rumeurs autours d\u2019une possible tourn\u00e9e entre les Lions Britanniques et Irlandais et entre les Bleus avaient fait surface. Dans le magazine <a href=\"https:\/\/www.sudouest.fr\/sport\/rugby\/xv-de-france\/xv-de-france-bientot-des-matchs-contre-les-lions-britanniques-25435199.php\" rel=\"nofollow noopener\" target=\"_blank\">Raffut<\/a>, Abdelatif Benazzi a confirm\u00e9 que des discussions \u00e9taient en cours pour d\u00e9fier la s\u00e9lection, une premi\u00e8re depuis 1989\u00a0: \u00ab\u00a0\u00c7a avance, mais rien de formel\u00a0\u00bb.<\/p>\n<p>Les filles en 2027, les gar\u00e7ons en 2029\u00a0?<\/p>\n<p>Le vice-pr\u00e9sident de la FFR esp\u00e8re d\u00e9sormais pouvoir avancer rapidement : \u00ab\u00a0Je pense qu\u2019on a perdu beaucoup de temps depuis 1989\u00a0\u00bb. Les instances doivent maintenant trouver un mod\u00e8le \u00e0 d\u00e9velopper, Benazzi esp\u00e9rant pouvoir conclu un partenariat sur le long terme. Une premi\u00e8re rencontre pourrait avoir lieu entre les deux s\u00e9lections f\u00e9minines en 2027 avant un potentiel choc entre les hommes en 2029.<\/p>\n<p>Partagez cette info avec vos amis et vos proches en cliquant ici<br \/>Pour r\u00e9sumer<\/p>\n<p>Abdelatif Benazzi confirme que la F\u00e9d\u00e9ration fran\u00e7aise de rugby a entam\u00e9 des n\u00e9gociations pour affronter une prestigieuse s\u00e9lection mondiale. Cela serait une premi\u00e8re pour le XV de France depuis 1989. Les Bleus devraient d\u00e9fier les Lions.<\/p>\n<p> <img decoding=\"async\" width=\"76\" height=\"76\" loading=\"lazy\" src=\"https:\/\/www.europesays.com\/fr\/wp-content\/uploads\/2025\/04\/avatar-quinze.png\" alt=\"Arnaud D\u00e9chelotte\"\/><\/p>\n","protected":false},"excerpt":{"rendered":"Le match de gala se pr\u00e9cise pour les supporters du XV de France. Depuis quelques mois, les rumeurs&hellip;\n","protected":false},"author":2,"featured_media":289519,"comment_status":"","ping_status":"","sticky":false,"template":"","format":"standard","meta":{"footnotes":""},"categories":[1416],"tags":[1011,27,479,1468,60],"class_list":{"0":"post-289518","1":"post","2":"type-post","3":"status-publish","4":"format-standard","5":"has-post-thumbnail","7":"category-rugby","8":"tag-fr","9":"tag-france","10":"tag-rugby","11":"tag-rugby-football","12":"tag-sports"},"share_on_mastodon":{"url":"https:\/\/pubeurope.com\/@fr\/114954700302809134","error":""},"_links":{"self":[{"href":"https:\/\/www.europesays.com\/fr\/wp-json\/wp\/v2\/posts\/289518","targetHints":{"allow":["GET"]}}],"collection":[{"href":"https:\/\/www.europesays.com\/fr\/wp-json\/wp\/v2\/posts"}],"about":[{"href":"https:\/\/www.europesays.com\/fr\/wp-json\/wp\/v2\/types\/post"}],"author":[{"embeddable":true,"href":"https:\/\/www.europesays.com\/fr\/wp-json\/wp\/v2\/users\/2"}],"replies":[{"embeddable":true,"href":"https:\/\/www.europesays.com\/fr\/wp-json\/wp\/v2\/comments?post=289518"}],"version-history":[{"count":0,"href":"https:\/\/www.europesays.com\/fr\/wp-json\/wp\/v2\/posts\/289518\/revisions"}],"wp:featuredmedia":[{"embeddable":true,"href":"https:\/\/www.europesays.com\/fr\/wp-json\/wp\/v2\/media\/289519"}],"wp:attachment":[{"href":"https:\/\/www.europesays.com\/fr\/wp-json\/wp\/v2\/media?parent=289518"}],"wp:term":[{"taxonomy":"category","embeddable":true,"href":"https:\/\/www.europesays.com\/fr\/wp-json\/wp\/v2\/categories?post=289518"},{"taxonomy":"post_tag","embeddable":true,"href":"https:\/\/www.europesays.com\/fr\/wp-json\/wp\/v2\/tags?post=289518"}],"curies":[{"name":"wp","href":"https:\/\/api.w.org\/{rel}","templated":true}]}}