{"id":289520,"date":"2025-08-01T17:31:10","date_gmt":"2025-08-01T17:31:10","guid":{"rendered":"https:\/\/www.europesays.com\/fr\/289520\/"},"modified":"2025-08-01T17:31:10","modified_gmt":"2025-08-01T17:31:10","slug":"wta-montreal-pour-sa-derniere-conference-de-presse-eugenie-bouchard-tente-sa-chance-est-ce-que-lun-dentre-vous-embauche","status":"publish","type":"post","link":"https:\/\/www.europesays.com\/fr\/289520\/","title":{"rendered":"WTA &#8211; Montr\u00e9al > Pour sa derni\u00e8re conf\u00e9rence de presse, Eug\u00e9nie Bouchard tente sa chance : \u00ab Est-ce que l&rsquo;un d&rsquo;entre vous embauche ? \u00bb"},"content":{"rendered":"<p>Vainque par Belinda Bencic au deuxi\u00e8me tour du WTA 1000 de Montr\u00e9al, Eug\u00e9nie Bouchard termine donc sa carri\u00e8re chez elle, au Canada.<\/p>\n<p>L\u2019ancienne fina\u00adliste de Wimbledon pense d\u00e9j\u00e0 \u00e0 la suite, et a d\u00e9cid\u00e9 de tenter sa chance \u00e0 la fin de sa conf\u00e9\u00adrence de presse, en deman\u00addant aux jour\u00adna\u00adlistes pr\u00e9sents si ils n\u2019avaient pas une possi\u00adbi\u00adlit\u00e9 d\u2019embauche.<\/p>\n<blockquote class=\"twitter-tweet\">\n<p lang=\"en\" dir=\"ltr\">Eugenie Bouchard in final career presser<\/p>\n<p>\u201cMontreal is where I was born &amp; raised, so this just feels right. I missed out because I didn\u2019t go to college or school, so that could be an option. Diving into tv stuff is some\u00adthing I enjoy. Are any of you guys hiring?\u201d\ud83d\ude02<\/p>\n<p>\ud83c\udfa5: WTA, DAZN <a href=\"https:\/\/t.co\/6hS2tkr8nM\" data-wpel-link=\"external\" target=\"_blank\" rel=\"nofollow external noopener\">pic.twitter.com\/6hS2tkr8nM<\/a><\/p>\n<p>\u2014 TennisONE App (@TennisONEApp) <a href=\"https:\/\/twitter.com\/TennisONEApp\/status\/1951088427694497986?ref_src=twsrc%5Etfw\" data-wpel-link=\"external\" target=\"_blank\" rel=\"nofollow external noopener\">August 1,\u00a02025<\/a><\/p><\/blockquote>\n<p><strong>\u00ab\u202fMontr\u00e9al est l\u2019en\u00addroit o\u00f9 je suis n\u00e9e et o\u00f9 j\u2019ai grandi, alors \u00e7a semble juste. J\u2019ai rat\u00e9 certaines exp\u00e9\u00adriences parce que je ne suis pas all\u00e9e \u00e0 l\u2019uni\u00adver\u00adsit\u00e9 ou \u00e0 l\u2019\u00e9cole, donc \u00e7a pour\u00adrait \u00eatre une option. M\u2019orienter vers les m\u00e9tiers de la t\u00e9l\u00e9\u00advi\u00adsion est quelque chose que j\u2019ap\u00adpr\u00e9cie. Est\u2010ce que l\u2019un d\u2019entre vous embauche\u202f? \u00bb<\/strong>, a demand\u00e9 la Canadienne avec humour.<\/p>\n<p class=\"post-published-date\" style=\"color: silver; font-size: 75%; text-align: left;\">Publi\u00e9 le vendredi 1 ao\u00fbt 2025 \u00e0 17:25<\/p>\n<p><script async src=\"https:\/\/platform.twitter.com\/widgets.js\" charset=\"utf-8\"><\/script><\/p>\n","protected":false},"excerpt":{"rendered":"Vainque par Belinda Bencic au deuxi\u00e8me tour du WTA 1000 de Montr\u00e9al, Eug\u00e9nie Bouchard termine donc sa carri\u00e8re&hellip;\n","protected":false},"author":2,"featured_media":277160,"comment_status":"","ping_status":"","sticky":false,"template":"","format":"standard","meta":{"footnotes":""},"categories":[1415],"tags":[42846,41635,1011,27,60,1467],"class_list":{"0":"post-289520","1":"post","2":"type-post","3":"status-publish","4":"format-standard","5":"has-post-thumbnail","7":"category-tennis","8":"tag-bencic","9":"tag-bouchard","10":"tag-fr","11":"tag-france","12":"tag-sports","13":"tag-tennis"},"share_on_mastodon":{"url":"https:\/\/pubeurope.com\/@fr\/114954704170509202","error":""},"_links":{"self":[{"href":"https:\/\/www.europesays.com\/fr\/wp-json\/wp\/v2\/posts\/289520","targetHints":{"allow":["GET"]}}],"collection":[{"href":"https:\/\/www.europesays.com\/fr\/wp-json\/wp\/v2\/posts"}],"about":[{"href":"https:\/\/www.europesays.com\/fr\/wp-json\/wp\/v2\/types\/post"}],"author":[{"embeddable":true,"href":"https:\/\/www.europesays.com\/fr\/wp-json\/wp\/v2\/users\/2"}],"replies":[{"embeddable":true,"href":"https:\/\/www.europesays.com\/fr\/wp-json\/wp\/v2\/comments?post=289520"}],"version-history":[{"count":0,"href":"https:\/\/www.europesays.com\/fr\/wp-json\/wp\/v2\/posts\/289520\/revisions"}],"wp:featuredmedia":[{"embeddable":true,"href":"https:\/\/www.europesays.com\/fr\/wp-json\/wp\/v2\/media\/277160"}],"wp:attachment":[{"href":"https:\/\/www.europesays.com\/fr\/wp-json\/wp\/v2\/media?parent=289520"}],"wp:term":[{"taxonomy":"category","embeddable":true,"href":"https:\/\/www.europesays.com\/fr\/wp-json\/wp\/v2\/categories?post=289520"},{"taxonomy":"post_tag","embeddable":true,"href":"https:\/\/www.europesays.com\/fr\/wp-json\/wp\/v2\/tags?post=289520"}],"curies":[{"name":"wp","href":"https:\/\/api.w.org\/{rel}","templated":true}]}}