{"id":289530,"date":"2025-08-01T17:38:13","date_gmt":"2025-08-01T17:38:13","guid":{"rendered":"https:\/\/www.europesays.com\/fr\/289530\/"},"modified":"2025-08-01T17:38:13","modified_gmt":"2025-08-01T17:38:13","slug":"dernier-bastion-du-montparnasse-boheme-latelier-de-peinture-de-la-grande-chaumiere-ferme-ses-portes","status":"publish","type":"post","link":"https:\/\/www.europesays.com\/fr\/289530\/","title":{"rendered":"Dernier bastion du Montparnasse boh\u00e8me, l\u2019atelier de peinture de la Grande Chaumi\u00e8re ferme ses portes"},"content":{"rendered":"<p>      VID\u00c9O \u2014 Claudel, Chagall, Gauguin&#8230; De grands noms y ont fait leurs d\u00e9buts. Cet atelier parisien, r\u00e9put\u00e9 internationalement, a d\u00fb d\u00e9finitivement quitter son adresse historique le 26\u00a0juillet, au grand regret des artistes et apprentis.                                 <\/p>\n<p class=\"author author--simple\">Par  <a class=\"author author--link\" href=\"https:\/\/www.telerama.fr\/recherche\/articles?q=Pierrick+Allain\" rel=\"nofollow noopener\" target=\"_blank\"> Pierrick Allain <\/a>    <\/p>\n<p class=\"publication__date\">Publi\u00e9 le 01 ao\u00fbt 2025 \u00e0 10h38<\/p>\n<p>   Partager   <\/p>\n<ul class=\"sharing-popin--results\">\n<li class=\"sharing-popin--item sharing-popin--item-container\"> Partage  <\/li>\n<li data-share=\"linkedin\" class=\"sharing-popin--item\">  LinkedIn <\/li>\n<li data-share=\"facebook\" class=\"sharing-popin--item\">  Facebook <\/li>\n<li data-share=\"mail\" data-social=\"mail\" class=\"sharing-popin--item\">  Envoyer par email <\/li>\n<li data-share=\"copy\" class=\"sharing-popin--item\">  Copier le lien <\/li>\n<\/ul>\n<p>        Favoris       <\/p>\n<p>                <a class=\"openapp__link\" data-event=\"click-open-app\" data-deep-link=\"tlrm:\/\/element?id=\/arts-expositions\/dernier-bastion-du-montparnasse-boheme-l-atelier-de-peinture-de-la-grande-chaumiere-ferme-ses-portes-7026829.php&amp;source=deeplink_site\">  Lire dans l&rsquo;application<br \/>\n  <\/a>                               <\/p>\n<p class=\"paragraph\">L\u2018Acad\u00e9mie de la Grande Chaumi\u00e8re quitte ses locaux historiques. Depuis\u00a01904, l\u2019atelier du quartier parisien Montparnasse attirait des peintres de renom et des artistes des quatre coins du monde. Pendant 120\u00a0ans, des centaines de mod\u00e8les vivants sont venus poser devant des milliers d\u2019apprentis dessinateurs, depuis que deux femmes peintres l\u2019ont ouverte, quand seuls les hommes pouvaient entrer \u00e0 <a target=\"_blank\" href=\"https:\/\/www.telerama.fr\/arts-expositions\/fusion-entre-les-beaux-arts-et-l-ecole-nationale-d-architecture-fin-de-malaise-a-malaquais-7026279.php\" rel=\"nofollow noopener\">l\u2019\u00c9cole des beaux-arts<\/a> et o\u00f9 les ateliers de nu \u00e9taient interdits aux femmes.<\/p>\n<p class=\"paragraph\">\u00c0 la suite d\u2019un rachat immobilier, la Grande Chaumi\u00e8re a ferm\u00e9 ses portes d\u00e9finitivement le 26\u00a0juillet 2025. Une perte d\u00e9chirante pour Alexandre de Broca, peintre professionnel qui a fait ses classes dans ce lieu mythique\u00a0: \u00ab\u00a0Depuis trente ans, je viens ici, dans ce refuge pour artistes qui ont besoin de faire leurs gammes, se d\u00e9sole-t-il. Moyennant quelques euros, on vient dessiner le nu dans cet atelier libre, sans professeur. Ici, j\u2019ai dessin\u00e9 et appris. Ici, j\u2019ai rencontr\u00e9 des artistes extraordinaires. Ici, j\u2019ai aim\u00e9 les mod\u00e8les. Mais c\u2019est termin\u00e9. Il sera priv\u00e9, au pire\u2026, au mieux deviendra une fondation, mais jamais plus on reviendra libre de dessiner et c\u2019est \u00e7a qu\u2019on nous a vol\u00e9. On nous a pris cette libert\u00e9.\u00a0\u00bb<\/p>\n<p class=\"edito__prefixe\">   \u00c0 lire aussi   <\/p>\n<p class=\"edito__text-container\">     <a alt=\"\u00c0 lire aussi\" href=\"https:\/\/www.telerama.fr\/arts-expositions\/le-peintre-georg-baselitz-plus-la-toile-est-grande-plus-elle-me-depasse-plus-je-peux-travailler-librement-7026731.php\" class=\"article__title--edito\" rel=\"nofollow noopener\" target=\"_blank\">Le peintre Georg Baselitz\u00a0: \u201cPlus la toile est grande, plus elle me d\u00e9passe, plus je peux travailler librement\u201d<\/a>  <\/p>\n<p class=\"paragraph\">Huit mille amateurs de croquis d\u2019apr\u00e8s mod\u00e8le vivant sont venus dessiner l\u2019ann\u00e9e derni\u00e8re dans cet atelier \u00e0 la r\u00e9putation internationale. Parmi eux, des dessinateurs am\u00e9ricains ou chinois, attir\u00e9s par son atmosph\u00e8re unique, l\u2019un des derniers h\u00e9ritages du <a target=\"_blank\" href=\"https:\/\/www.telerama.fr\/sortir\/du-quartier-latin-a-montparnasse-sur-les-traces-de-hemingway-a-paris-7007941.php\" rel=\"nofollow noopener\">Montparnasse boh\u00e8me des ann\u00e9es folles<\/a>.<\/p>\n<p class=\"paragraph\">Et peut-\u00eatre aussi s\u00e9duits \u00e0 l\u2019id\u00e9e de dessiner sous l\u2019\u00e9gide des grands noms qui les ont pr\u00e9c\u00e9d\u00e9s\u00a0: Antoine Bourdelle, Fernand L\u00e9ger ou Ossip Zadkine ont enseign\u00e9 ici. Et on ne compte plus les artistes qui y ont d\u00e9but\u00e9 avant de devenir c\u00e9l\u00e8bres\u00a0: Camille Claudel, Amedeo Modigliani, Marc Chagall, Paul Gauguin, <a target=\"_blank\" href=\"https:\/\/www.telerama.fr\/arts-expositions\/exposition-alberto-giacometti-a-marseille-l-art-de-sculpter-le-vide_cri-7039669.php\" rel=\"nofollow noopener\">Alberto Giacometti<\/a>, ou encore, plus r\u00e9cemment, Serge Gainsbourg, Cabu ou G\u00e9rard Garouste.<\/p>\n<p>                Reconversion en espace mus\u00e9al et commercial                       <\/p>\n<p class=\"paragraph\">Alors avant la destruction d\u00e9finitive de ces ateliers, rest\u00e9s dans leur jus jusqu\u2019\u00e0 aujourd\u2019hui, Alexandre de Broca a voulu conserver une trace de ce patrimoine de la vie artistique parisienne\u00a0: \u00ab\u00a0Il fallait absolument venir peindre les lieux pour garder un t\u00e9moignage. Ici, il y avait cette th\u00e9\u00e2tralisation qu\u2019on n\u2019a pas forc\u00e9ment dans les autres ateliers libres qui existent ailleurs \u00e0 Paris. C\u2019est tout simple, c\u2019est une grande sobri\u00e9t\u00e9 ce lieu, une vraie beaut\u00e9 de la lumi\u00e8re. Et dans ce c\u00f4t\u00e9 modeste, on peut arriver \u00e0 aussi mettre en valeur les corps.\u00a0\u00bb<\/p>\n<p class=\"paragraph\">L\u2019Acad\u00e9mie de la Grande Chaumi\u00e8re est aujourd\u2019hui expuls\u00e9e de son lieu historique, mais devrait r\u00e9appara\u00eetre \u00e0 une autre adresse prochainement. La mairie du 6\u1d49 arrondissement a approuv\u00e9 le projet de reconversion du lieu historique en espace mus\u00e9al et commercial et n\u2019a pas jou\u00e9 de son droit de pr\u00e9emption. Les tentatives de classement aux monuments historiques du grand atelier n\u2019ont pas abouti. Bref, c\u2019est la loi du march\u00e9 immobilier qui semble avoir eu raison de la valeur immat\u00e9rielle de ce lieu vivant de cr\u00e9ation artistique. H\u00e9las, m\u00eame \u00e0 Montparnasse, tout passe, tout casse\u2026<\/p>\n","protected":false},"excerpt":{"rendered":"VID\u00c9O \u2014 Claudel, Chagall, Gauguin&#8230; De grands noms y ont fait leurs d\u00e9buts. Cet atelier parisien, r\u00e9put\u00e9 internationalement,&hellip;\n","protected":false},"author":2,"featured_media":289531,"comment_status":"","ping_status":"","sticky":false,"template":"","format":"standard","meta":{"footnotes":""},"categories":[1358],"tags":[1348,1384,1385,1386,58,59,1011,27],"class_list":{"0":"post-289530","1":"post","2":"type-post","3":"status-publish","4":"format-standard","5":"has-post-thumbnail","7":"category-arts-et-design","8":"tag-arts","9":"tag-arts-and-design","10":"tag-arts-et-design","11":"tag-design","12":"tag-divertissement","13":"tag-entertainment","14":"tag-fr","15":"tag-france"},"share_on_mastodon":{"url":"https:\/\/pubeurope.com\/@fr\/114954731727270779","error":""},"_links":{"self":[{"href":"https:\/\/www.europesays.com\/fr\/wp-json\/wp\/v2\/posts\/289530","targetHints":{"allow":["GET"]}}],"collection":[{"href":"https:\/\/www.europesays.com\/fr\/wp-json\/wp\/v2\/posts"}],"about":[{"href":"https:\/\/www.europesays.com\/fr\/wp-json\/wp\/v2\/types\/post"}],"author":[{"embeddable":true,"href":"https:\/\/www.europesays.com\/fr\/wp-json\/wp\/v2\/users\/2"}],"replies":[{"embeddable":true,"href":"https:\/\/www.europesays.com\/fr\/wp-json\/wp\/v2\/comments?post=289530"}],"version-history":[{"count":0,"href":"https:\/\/www.europesays.com\/fr\/wp-json\/wp\/v2\/posts\/289530\/revisions"}],"wp:featuredmedia":[{"embeddable":true,"href":"https:\/\/www.europesays.com\/fr\/wp-json\/wp\/v2\/media\/289531"}],"wp:attachment":[{"href":"https:\/\/www.europesays.com\/fr\/wp-json\/wp\/v2\/media?parent=289530"}],"wp:term":[{"taxonomy":"category","embeddable":true,"href":"https:\/\/www.europesays.com\/fr\/wp-json\/wp\/v2\/categories?post=289530"},{"taxonomy":"post_tag","embeddable":true,"href":"https:\/\/www.europesays.com\/fr\/wp-json\/wp\/v2\/tags?post=289530"}],"curies":[{"name":"wp","href":"https:\/\/api.w.org\/{rel}","templated":true}]}}