{"id":289542,"date":"2025-08-01T17:44:15","date_gmt":"2025-08-01T17:44:15","guid":{"rendered":"https:\/\/www.europesays.com\/fr\/289542\/"},"modified":"2025-08-01T17:44:15","modified_gmt":"2025-08-01T17:44:15","slug":"norris-et-mclaren-intouchables-leclerc-le-meilleur-des-autres","status":"publish","type":"post","link":"https:\/\/www.europesays.com\/fr\/289542\/","title":{"rendered":"Norris et McLaren intouchables, Leclerc le meilleur des autres"},"content":{"rendered":"<p>La <a href=\"https:\/\/fr.motorsport.com\/f1\/news\/el1-mclaren-ferrari-rapides-red-bull-cran-derriere\/10747230\/\" target=\"_blank\" rel=\"noopener\">premi\u00e8re s\u00e9ance d&rsquo;essais libres<\/a> a sans r\u00e9elle surprise \u00e9t\u00e9 domin\u00e9e par les deux pilotes <a href=\"https:\/\/fr.motorsport.com\/team\/mclaren\/609\/\" target=\"_blank\" rel=\"noopener\">McLaren<\/a>, <a href=\"https:\/\/fr.motorsport.com\/driver\/lando-norris\/289708\/\" target=\"_blank\" rel=\"noopener\">Lando Norris<\/a> ayant sign\u00e9 le meilleur chrono. Souffrant d&rsquo;une blessure au dos, <a href=\"https:\/\/fr.motorsport.com\/driver\/fernando-alonso\/76096\/\" target=\"_blank\" rel=\"noopener\">Fernando Alonso<\/a> a \u00e9t\u00e9 laiss\u00e9 au repos pour les EL1, remplac\u00e9 par le pilote de r\u00e9serve d&rsquo;<a href=\"https:\/\/fr.motorsport.com\/team\/aston-martin\/806\/\" target=\"_blank\" rel=\"noopener\">Aston Martin<\/a>, Felipe Drugovich.<\/p>\n<p>L&rsquo;Espagnol a retrouv\u00e9 le volant de son AMR25 lors de la deuxi\u00e8me s\u00e9ance d&rsquo;essais libres. <a href=\"https:\/\/fr.motorsport.com\/driver\/nico-hulkenberg\/84891\/\" target=\"_blank\" rel=\"noopener\">Nico H\u00fclkenberg<\/a>, lui aussi, a pris la piste pour la premi\u00e8re fois du week-end durant ces EL2, apr\u00e8s avoir laiss\u00e9 sa monoplace \u00e0 Paul Aron en EL1. En cette fin d&rsquo;apr\u00e8s-midi, les temp\u00e9ratures \u00e9taient en l\u00e9g\u00e8re hausse, avec 27\u202f\u00b0C dans l&rsquo;air et 44\u202f\u00b0C relev\u00e9s sur la piste.<\/p>\n<p>Lire aussi :<\/p>\n<p>Comme lors de la premi\u00e8re s\u00e9ance, c&rsquo;est Lando Norris et <a href=\"https:\/\/fr.motorsport.com\/driver\/charles-leclerc\/109632\/\" target=\"_blank\" rel=\"noopener\">Charles Leclerc<\/a> qui ont commenc\u00e9 en t\u00eate de la feuille des temps. Le Britannique a directement inscrit un 1&rsquo;16&Prime;916, plus de deux dixi\u00e8mes devant son coll\u00e8gue de chez <a href=\"https:\/\/fr.motorsport.com\/team\/ferrari\/615\/\" target=\"_blank\" rel=\"noopener\">Ferrari<\/a>. Quatri\u00e8me des EL1, <a href=\"https:\/\/fr.motorsport.com\/driver\/isack-hadjar\/876622\/\" target=\"_blank\" rel=\"noopener\">Isack Hadjar<\/a> a poursuivi sur sa bonne lanc\u00e9e avec un quatri\u00e8me temps, \u00e0 plus de cinq dixi\u00e8mes de la t\u00eate.<\/p>\n<p>D&rsquo;un autre c\u00f4t\u00e9, les <a href=\"https:\/\/fr.motorsport.com\/team\/red-bull\/553\/\" target=\"_blank\" rel=\"noopener\">Red Bull<\/a> de <a href=\"https:\/\/fr.motorsport.com\/driver\/max-verstappen\/93029\/\" target=\"_blank\" rel=\"noopener\">Max Verstappen<\/a> et de <a href=\"https:\/\/fr.motorsport.com\/driver\/yuki-tsunoda\/828578\/\" target=\"_blank\" rel=\"noopener\">Yuki Tsunoda<\/a> \u00e9taient toujours en difficult\u00e9. Les deux pilotes se trouvaient respectivement aux neuvi\u00e8me et dixi\u00e8me places. Dans le m\u00eame temps, Norris a am\u00e9lior\u00e9 sa propre marque de quatre dixi\u00e8mes, rejoint par son co\u00e9quipier <a href=\"https:\/\/fr.motorsport.com\/driver\/oscar-piastri\/835356\/\" target=\"_blank\" rel=\"noopener\">Oscar Piastri<\/a>, un dixi\u00e8me derri\u00e8re.<\/p>\n<p><a href=\"https:\/\/fr.motorsport.com\/driver\/kimi-antonelli\/947765\/\" target=\"_blank\" rel=\"noopener\">Kimi Antonelli<\/a> semblait d\u00e9j\u00e0 plus \u00e0 l&rsquo;aise, \u00e9quip\u00e9 de l&rsquo;ancienne suspension. \u00c0 la mi-s\u00e9ance, il avait sign\u00e9 le quatri\u00e8me temps, trois dixi\u00e8mes devant <a href=\"https:\/\/fr.motorsport.com\/driver\/george-russell\/96626\/\" target=\"_blank\" rel=\"noopener\">George Russell<\/a>. Et c&rsquo;est justement \u00e0 la mi-s\u00e9ance que les pilotes ont chauss\u00e9 les pneumatiques tendres.<\/p>\n<p>   <img decoding=\"async\" draggable=\"false\" src=\"https:\/\/www.europesays.com\/fr\/wp-content\/uploads\/2025\/08\/lewis-hamilton-ferrari.jpg\" alt=\"Lewis Hamilton, Ferrari\" width=\"1200\" height=\"800\" loading=\"lazy\"\/> <\/p>\n<p class=\"title\">Lewis Hamilton, Ferrari<\/p>\n<p class=\"photographer\">Photo de: Guido De Bortoli \/ LAT Images via Getty Images<\/p>\n<p>Apr\u00e8s les premiers essais de tours lanc\u00e9s, Lando Norris a conserv\u00e9 la t\u00eate, toujours devant son co\u00e9quipier, tout en am\u00e9liorant sa marque avec un chrono en 1&rsquo;15&Prime;624. Nous pouvons noter le tr\u00e8s bon tour de <a href=\"https:\/\/fr.motorsport.com\/driver\/lance-stroll\/96414\/\" target=\"_blank\" rel=\"noopener\">Lance Stroll<\/a> qui est parvenu \u00e0 hisser son Aston Martin en troisi\u00e8me position, \u00e0 deux dixi\u00e8mes des McLaren et devant la Ferrari de Leclerc.<\/p>\n<p>Lors d&rsquo;une tentative, Verstappen a ramass\u00e9 ce qui semblait \u00eatre une serviette qui \u00e9tait dans le cockpit de sa voiture. Le N\u00e9erlandais s&rsquo;en est d\u00e9barrass\u00e9 sur la piste au virage 3, ce qui n&rsquo;a pas sembl\u00e9 plaire aux commissaires, qui ont not\u00e9 l&rsquo;incident afin qu&rsquo;il soit \u00e9tudi\u00e9 apr\u00e8s la s\u00e9ance.<\/p>\n<p>Malgr\u00e9 son tr\u00e8s bon temps, Norris a continu\u00e9 \u00e0 flirter avec les limites, au point de se faire un peu peur en manquant de partir en t\u00eate-\u00e0-queue apr\u00e8s avoir plac\u00e9 une roue arri\u00e8re dans l&rsquo;herbe au dernier virage. \u00c0 un quart d&rsquo;heure de la fin de s\u00e9ance, <a href=\"https:\/\/fr.motorsport.com\/driver\/carlos-sainz-jr\/91450\/\" target=\"_blank\" rel=\"noopener\">Carlos Sainz<\/a> a connu un souci de t\u00e9l\u00e9m\u00e9trie : son \u00e9quipe lui a demand\u00e9 de rentrer aux stands apr\u00e8s une perte soudaine de donn\u00e9es, avant de finalement tout r\u00e9cup\u00e9rer alors qu&rsquo;il passait \u00e0 l&rsquo;entr\u00e9e de la voie des stands.<\/p>\n<p>Au terme de ces EL2, les choses n&rsquo;ont pas bien chang\u00e9 par rapport aux EL1. Lando Norris dominait encore le classement devant son co\u00e9quipier, Oscar Piastri. Charles Leclerc, toujours troisi\u00e8me, est de nouveau apparu comme le meilleur des autres, alors que Red Bull et <a href=\"https:\/\/fr.motorsport.com\/team\/mercedes\/611\/\" target=\"_blank\" rel=\"noopener\">Mercedes<\/a> ont encore fait face \u00e0 des difficult\u00e9s. Les Aston Martin ont augment\u00e9 d&rsquo;un cran leur rythme, elles ont termin\u00e9 la s\u00e9ance aux quatri\u00e8me et cinqui\u00e8me places.\u00a0<\/p>\n<p><img decoding=\"async\" class=\"ms-flag-img ms-flag-img_s2\" title=\"Hungary\" src=\"https:\/\/cdn-0.motorsport.com\/static\/img\/cf\/hu-3.svg\" alt=\"Hungary\" width=\"32\" loading=\"lazy\"\/>\u00a0Grand Prix de Hongrie &#8211; Essais Libres 2<\/p>\n<p>Dans cet article<\/p>\n<p>Soyez le premier inform\u00e9 et souscrivez aux alertes mails pour recevoir les infos en temps r\u00e9el<\/p>\n<p>    S&rsquo;abonner aux alertes de news<\/p>\n","protected":false},"excerpt":{"rendered":"La premi\u00e8re s\u00e9ance d&rsquo;essais libres a sans r\u00e9elle surprise \u00e9t\u00e9 domin\u00e9e par les deux pilotes McLaren, Lando Norris&hellip;\n","protected":false},"author":2,"featured_media":289543,"comment_status":"","ping_status":"","sticky":false,"template":"","format":"standard","meta":{"footnotes":""},"categories":[9],"tags":[1454,1011,27,21746,42060,60],"class_list":{"0":"post-289542","1":"post","2":"type-post","3":"status-publish","4":"format-standard","5":"has-post-thumbnail","7":"category-sports","8":"tag-formule-1","9":"tag-fr","10":"tag-france","11":"tag-gp-de-hongrie","12":"tag-hungaroring","13":"tag-sports"},"share_on_mastodon":{"url":"https:\/\/pubeurope.com\/@fr\/114954755488424681","error":""},"_links":{"self":[{"href":"https:\/\/www.europesays.com\/fr\/wp-json\/wp\/v2\/posts\/289542","targetHints":{"allow":["GET"]}}],"collection":[{"href":"https:\/\/www.europesays.com\/fr\/wp-json\/wp\/v2\/posts"}],"about":[{"href":"https:\/\/www.europesays.com\/fr\/wp-json\/wp\/v2\/types\/post"}],"author":[{"embeddable":true,"href":"https:\/\/www.europesays.com\/fr\/wp-json\/wp\/v2\/users\/2"}],"replies":[{"embeddable":true,"href":"https:\/\/www.europesays.com\/fr\/wp-json\/wp\/v2\/comments?post=289542"}],"version-history":[{"count":0,"href":"https:\/\/www.europesays.com\/fr\/wp-json\/wp\/v2\/posts\/289542\/revisions"}],"wp:featuredmedia":[{"embeddable":true,"href":"https:\/\/www.europesays.com\/fr\/wp-json\/wp\/v2\/media\/289543"}],"wp:attachment":[{"href":"https:\/\/www.europesays.com\/fr\/wp-json\/wp\/v2\/media?parent=289542"}],"wp:term":[{"taxonomy":"category","embeddable":true,"href":"https:\/\/www.europesays.com\/fr\/wp-json\/wp\/v2\/categories?post=289542"},{"taxonomy":"post_tag","embeddable":true,"href":"https:\/\/www.europesays.com\/fr\/wp-json\/wp\/v2\/tags?post=289542"}],"curies":[{"name":"wp","href":"https:\/\/api.w.org\/{rel}","templated":true}]}}