{"id":289568,"date":"2025-08-01T18:00:21","date_gmt":"2025-08-01T18:00:21","guid":{"rendered":"https:\/\/www.europesays.com\/fr\/289568\/"},"modified":"2025-08-01T18:00:21","modified_gmt":"2025-08-01T18:00:21","slug":"traque-par-la-bac-il-volait-des-trottinettes-pour-les-echanger-contre-de-la-drogue","status":"publish","type":"post","link":"https:\/\/www.europesays.com\/fr\/289568\/","title":{"rendered":"traqu\u00e9 par la Bac, il volait des trottinettes pour les \u00e9changer contre de la drogue"},"content":{"rendered":"<p>            Par<br \/>\n        <strong><br \/>\n            <a href=\"https:\/\/actu.fr\/auteur\/lea-pippinato\" title=\"Consulter tous les articles de L\u00e9a Pippinato\" rel=\"nofollow noopener\" target=\"_blank\">L\u00e9a Pippinato<\/a><br \/>\n        <\/strong><\/p>\n<p>        Publi\u00e9 le<\/p>\n<p>            1 ao\u00fbt 2025 \u00e0 19h07        <\/p>\n<p><strong>Entre le 27 et le 30 juillet 2025<\/strong>, une sup\u00e9rette situ\u00e9e avenue de la Justice de Castelnau, \u00e0 Montpellier, signale plusieurs vols de trottinettes. Le premier signalement pousse les policiers de la Bac (brigade anti-criminalit\u00e9) \u00e0 se rendre sur place. Sur les images de vid\u00e9osurveillance, ils constatent qu\u2019il ne s\u2019agit pas d\u2019un fait isol\u00e9. Cinq vols ont eu lieu en quelques jours, souvent \u00e0 des moments o\u00f9 la surveillance \u00e9tait moins rigoureuse. Les enregistrements permettent aux enqu\u00eateurs de relever des \u00e9l\u00e9ments pr\u00e9cis sur la tenue du suspect. Ils d\u00e9cident alors de mettre en place une surveillance dans le secteur.<\/p>\n<p>    <a href=\"https:\/\/www.google.com\/maps\/embed?pb=!1m18!1m12!1m3!1d2888.050523315032!2d3.88174697646074!3d43.62630737110349!2m3!1f0!2f0!3f0!3m2!1i1024!2i768!4f13.1!3m3!1m2!1s0x12b6af15b5f0bc1d%3A0x7d1e80cb6fccfe27!2sAv.%20de%20la%20Justice%20de%20Castelnau!5e0!3m2!1sen!2sfr!4v1754067913914!5m2!1sen!2sfr\" title=\"Ouvrie le lien\" rel=\"nofollow noopener\" target=\"_blank\">Cliquez ici pour visualiser le contenu<\/a><\/p>\n<p class=\" wall-content\"><strong>Le 30 juillet,<\/strong> un homme correspondant au signalement est rep\u00e9r\u00e9 \u00e0 proximit\u00e9 de la sup\u00e9rette. Il entre dans le magasin, ne fait aucun achat, puis quitte les lieux. Les policiers le suivent discr\u00e8tement jusqu\u2019\u00e0 un domicile identifi\u00e9. L\u2019homme, \u00e2g\u00e9 de 41 ans, est sans domicile fixe.<\/p>\n<p>Interpellation en flagrant d\u00e9lit<\/p>\n<p class=\" wall-content\">Le lendemain, le suspect quitte l\u2019appartement et traverse plusieurs quartiers de Montpellier en transports en commun. Il emprunte un bus, puis un tramway. Il se rend jusqu\u2019au quartier de la Paillade, en passant par Celleneuve. En fin de matin\u00e9e, il arrive devant l\u2019hypermarch\u00e9 Auchan de Celleneuve. Les policiers le voient s\u2019approcher d\u2019une trottinette attach\u00e9e. Il sort une pince coupante et commence \u00e0 sectionner un cadenas. Ils interviennent imm\u00e9diatement et l\u2019interpellent.<\/p>\n<p class=\" wall-content\">Lors de son audition, l\u2019homme reconna\u00eet les faits. Il explique qu\u2019il vole les trottinettes pour les revendre ou les \u00e9changer contre de la coca\u00efne, admettant \u00eatre d\u00e9pendant \u00e0 cette substance. D\u00e9j\u00e0 connu des services de police pour des faits similaires en d\u00e9but d\u2019ann\u00e9e, il avoue avoir commis au moins cinq vols sur la semaine. Il fait l\u2019objet d\u2019une COPJ (convocation par officier de police judiciaire) et devra compara\u00eetre devant le tribunal judiciaire de Montpellier<strong> le 4 novembre prochain<\/strong>.<\/p>\n<p>Vid\u00e9os : en ce moment sur Actu<\/p>\n<p class=\" wall-content\">Suivez toute l\u2019actualit\u00e9 de vos villes et m\u00e9dias favoris en vous inscrivant \u00e0 <a href=\"https:\/\/moncompte.actu.fr\" title=\"D\u00e9couvez Mon Actu\" rel=\"nofollow noopener\" data-trk=\"{&quot;cta&quot;:{&quot;action&quot;:&quot;https:\\\/\\\/moncompte.actu.fr&quot;,&quot;category&quot;:&quot;mon compte&quot;,&quot;from&quot;:&quot;article footer&quot;,&quot;name&quot;:&quot;Mon actu&quot;,&quot;type&quot;:&quot;cta&quot;}}\" target=\"_blank\">Mon Actu<\/a>.<\/p>\n","protected":false},"excerpt":{"rendered":"Par L\u00e9a Pippinato Publi\u00e9 le 1 ao\u00fbt 2025 \u00e0 19h07 Entre le 27 et le 30 juillet 2025,&hellip;\n","protected":false},"author":2,"featured_media":289569,"comment_status":"","ping_status":"","sticky":false,"template":"","format":"standard","meta":{"footnotes":""},"categories":[9599],"tags":[1111,11,1261,1052,1777,674,118,1011,27,2208,12,2680,1072,25],"class_list":{"0":"post-289568","1":"post","2":"type-post","3":"status-publish","4":"format-standard","5":"has-post-thumbnail","7":"category-montpellier","8":"tag-actu","9":"tag-actualites","10":"tag-argent","11":"tag-drogue","12":"tag-eu","13":"tag-europe","14":"tag-faits-divers","15":"tag-fr","16":"tag-france","17":"tag-montpellier","18":"tag-news","19":"tag-occitanie","20":"tag-police","21":"tag-republique-francaise"},"share_on_mastodon":{"url":"https:\/\/pubeurope.com\/@fr\/114954818214474736","error":""},"_links":{"self":[{"href":"https:\/\/www.europesays.com\/fr\/wp-json\/wp\/v2\/posts\/289568","targetHints":{"allow":["GET"]}}],"collection":[{"href":"https:\/\/www.europesays.com\/fr\/wp-json\/wp\/v2\/posts"}],"about":[{"href":"https:\/\/www.europesays.com\/fr\/wp-json\/wp\/v2\/types\/post"}],"author":[{"embeddable":true,"href":"https:\/\/www.europesays.com\/fr\/wp-json\/wp\/v2\/users\/2"}],"replies":[{"embeddable":true,"href":"https:\/\/www.europesays.com\/fr\/wp-json\/wp\/v2\/comments?post=289568"}],"version-history":[{"count":0,"href":"https:\/\/www.europesays.com\/fr\/wp-json\/wp\/v2\/posts\/289568\/revisions"}],"wp:featuredmedia":[{"embeddable":true,"href":"https:\/\/www.europesays.com\/fr\/wp-json\/wp\/v2\/media\/289569"}],"wp:attachment":[{"href":"https:\/\/www.europesays.com\/fr\/wp-json\/wp\/v2\/media?parent=289568"}],"wp:term":[{"taxonomy":"category","embeddable":true,"href":"https:\/\/www.europesays.com\/fr\/wp-json\/wp\/v2\/categories?post=289568"},{"taxonomy":"post_tag","embeddable":true,"href":"https:\/\/www.europesays.com\/fr\/wp-json\/wp\/v2\/tags?post=289568"}],"curies":[{"name":"wp","href":"https:\/\/api.w.org\/{rel}","templated":true}]}}