{"id":28957,"date":"2025-04-16T09:51:07","date_gmt":"2025-04-16T09:51:07","guid":{"rendered":"https:\/\/www.europesays.com\/fr\/28957\/"},"modified":"2025-04-16T09:51:07","modified_gmt":"2025-04-16T09:51:07","slug":"ou-se-trouvent-les-meilleures-baguettes-tradition-de-seine-saint-denis-en-2025","status":"publish","type":"post","link":"https:\/\/www.europesays.com\/fr\/28957\/","title":{"rendered":"o\u00f9 se trouvent les meilleures baguettes tradition de Seine-Saint-Denis en 2025"},"content":{"rendered":"<p>            Par<br \/>\n        <strong><br \/>\n            <a href=\"https:\/\/actu.fr\/auteur\/redaction-paris\" title=\"Consulter tous les articles de R\u00e9daction Paris\" rel=\"nofollow noopener\" target=\"_blank\">R\u00e9daction Paris<\/a><br \/>\n        <\/strong><\/p>\n<p>        Publi\u00e9 le<\/p>\n<p>            16 avr. 2025 \u00e0 11h15        <\/p>\n<p>C\u2019est un monument du patrimoine fran\u00e7ais que chaque boulanger r\u00eave d\u2019ex\u00e9cuter avec brio. Vendredi 11\u00a0avril 2025, le syndicat des boulangers du Grand Paris a d\u00e9voil\u00e9 son palmar\u00e8s des baguettes tradition de Seine-Saint-Denis. <a href=\"https:\/\/actu.fr\/ile-de-france\/bondy_93010\/seine-saint-denis-decouvrez-ou-se-trouve-la-meilleure-baguette-tradition-du-departement_60894513.html\" rel=\"nofollow noopener\" target=\"_blank\">Apr\u00e8s Bondy en 2024<\/a>, c\u2019est \u00e0 <strong>Noisy-le-Grand<\/strong> qu\u2019il faut se rendre pour d\u00e9guster<strong> la meilleure baguette<\/strong> dans la cat\u00e9gorie patron. Celle de <strong>Bondy<\/strong> conserve la<strong> premi\u00e8re place,<\/strong> cette fois-ci dans la cat\u00e9gorie apprentis et salari\u00e9s.<\/p>\n<p>Noisy-le-Grand trust le classement<\/p>\n<p class=\" wall-content\"><strong>L\u2019Atelier des Gourmands<\/strong> \u00e0 Noisy-le-Grand s\u2019impose en haut du podium dans les cat\u00e9gories chef d\u2019entreprise. \u00ab\u2009Bravo \u00e0 toutes et tous pour votre talent et votre passion. Le 93, terre de tradition et de boulangerie d\u2019excellence\u2009!\u2009\u00bb, souligne le syndicat des boulangers du Grand Paris. Il est suivi sur le podium du Fournil de la gare \u00e0 Aulnay-sous-Bois et <a href=\"https:\/\/actu.fr\/ile-de-france\/noisy-le-grand_93051\/boulangerie-et-patisserie-ils-raflent-tous-les-prix-quel-est-le-secret-des-freres-sohier-a-noisy-le-grand_60884313.html\" rel=\"nofollow noopener\" target=\"_blank\">La Maison Sohier, toujours \u00e0 Noisy-le-Grand<\/a>.<\/p>\n<p class=\" wall-content\"><strong>Top\u00a010 cat\u00e9gorie patrons\u2009:<\/strong><\/p>\n<ul class=\" wall-content\">\n<li>L\u2019Atelier des Gourmands \u2013 Noisy-le-Grand<\/li>\n<li>Le Fournil de la gare \u2013 Aulnay-sous-Bois<\/li>\n<li>Maison Sohier \u2013 Noisy-le-Grand<\/li>\n<li>Les D\u00e9lices de Sevran \u2013 Sevran<\/li>\n<li>Boulangerie la collective \u2013 Neuilly-sur-Marne<\/li>\n<li>Telmo \u2013 Poncet \u2013 Rosny-sous-Bois<\/li>\n<li>Boulangerie d\u2019Aulnay \u2013 Aulnay-sous-Bois<\/li>\n<li>La tradition de Bondy \u2013 Bondy<\/li>\n<li>La fourn\u00e9e parisienne \u2013 Montreuil<\/li>\n<li>Lina \u2013 Noisy-le-Grand<\/li>\n<\/ul>\n<p class=\" wall-content\">C\u00f4t\u00e9 salari\u00e9s, la boulangerie <strong>Tangarfa \u00e0 Bondy<\/strong> rafle la premi\u00e8re et troisi\u00e8me place du podium. Entre les deux, l\u2019Atelier des artistes \u00e0 Romainville a r\u00e9ussi \u00e0 s\u2019imposer \u00e0 la deuxi\u00e8me place.<\/p>\n<p>Vid\u00e9os : en ce moment sur Actu<\/p>\n<p class=\" wall-content\"><strong>Top\u00a010 cat\u00e9gorie salari\u00e9s\u2009:<\/strong><\/p>\n<ul class=\" wall-content\">\n<li>Chez Brahim Tangarfa \u2013 Bondy<\/li>\n<li>Atelier des artistes \u2013 Romainville<\/li>\n<li>Chez Brahim Tangarfa \u2013 Bondy<\/li>\n<li>L\u2019Atelier des Gourmands \u2013 Noisy-le-Grand<\/li>\n<li>Aux D\u00e9lices de Marion \u2013 Les Lilas<\/li>\n<li>Chez Telmo \u2013 Poncet \u2013 Rosny-sous-Bois<\/li>\n<li>Atelier des Artistes \u2013 Aulnay-sous-Bois<\/li>\n<li>L\u2019Atelier des Gourmands \u2013 Noisy-le-Grand<\/li>\n<li>La Rose de Villemomble \u2013 Villemomble<\/li>\n<li>La Tradition \u2013 Bondy<\/li>\n<\/ul>\n<p class=\" wall-content\">Suivez toute l\u2019actualit\u00e9 de vos villes et m\u00e9dias favoris en vous inscrivant \u00e0 <a href=\"https:\/\/moncompte.actu.fr\" title=\"D\u00e9couvez Mon Actu\" rel=\"nofollow noopener\" data-trk=\"{&quot;cta&quot;:{&quot;action&quot;:&quot;https:\\\/\\\/moncompte.actu.fr&quot;,&quot;category&quot;:&quot;mon compte&quot;,&quot;from&quot;:&quot;article footer&quot;,&quot;name&quot;:&quot;Mon actu&quot;,&quot;type&quot;:&quot;cta&quot;}}\" target=\"_blank\">Mon Actu<\/a>.<\/p>\n","protected":false},"excerpt":{"rendered":"Par R\u00e9daction Paris Publi\u00e9 le 16 avr. 2025 \u00e0 11h15 C\u2019est un monument du patrimoine fran\u00e7ais que chaque&hellip;\n","protected":false},"author":2,"featured_media":28958,"comment_status":"","ping_status":"","sticky":false,"template":"","format":"standard","meta":{"footnotes":""},"categories":[1888],"tags":[1111,1928,11,1927,215,1777,674,1011,27,1661,1305,12,1926,626,1925,25],"class_list":{"0":"post-28957","1":"post","2":"type-post","3":"status-publish","4":"format-standard","5":"has-post-thumbnail","7":"category-paris","8":"tag-actu","9":"tag-actu-paris","10":"tag-actualites","11":"tag-actualites-paris","12":"tag-commerce","13":"tag-eu","14":"tag-europe","15":"tag-fr","16":"tag-france","17":"tag-gastronomie","18":"tag-lifestyle","19":"tag-news","20":"tag-news-paris","21":"tag-paris","22":"tag-paris-news","23":"tag-republique-francaise"},"share_on_mastodon":{"url":"https:\/\/pubeurope.com\/@fr\/114347028221551903","error":""},"_links":{"self":[{"href":"https:\/\/www.europesays.com\/fr\/wp-json\/wp\/v2\/posts\/28957","targetHints":{"allow":["GET"]}}],"collection":[{"href":"https:\/\/www.europesays.com\/fr\/wp-json\/wp\/v2\/posts"}],"about":[{"href":"https:\/\/www.europesays.com\/fr\/wp-json\/wp\/v2\/types\/post"}],"author":[{"embeddable":true,"href":"https:\/\/www.europesays.com\/fr\/wp-json\/wp\/v2\/users\/2"}],"replies":[{"embeddable":true,"href":"https:\/\/www.europesays.com\/fr\/wp-json\/wp\/v2\/comments?post=28957"}],"version-history":[{"count":0,"href":"https:\/\/www.europesays.com\/fr\/wp-json\/wp\/v2\/posts\/28957\/revisions"}],"wp:featuredmedia":[{"embeddable":true,"href":"https:\/\/www.europesays.com\/fr\/wp-json\/wp\/v2\/media\/28958"}],"wp:attachment":[{"href":"https:\/\/www.europesays.com\/fr\/wp-json\/wp\/v2\/media?parent=28957"}],"wp:term":[{"taxonomy":"category","embeddable":true,"href":"https:\/\/www.europesays.com\/fr\/wp-json\/wp\/v2\/categories?post=28957"},{"taxonomy":"post_tag","embeddable":true,"href":"https:\/\/www.europesays.com\/fr\/wp-json\/wp\/v2\/tags?post=28957"}],"curies":[{"name":"wp","href":"https:\/\/api.w.org\/{rel}","templated":true}]}}