{"id":289570,"date":"2025-08-01T18:07:12","date_gmt":"2025-08-01T18:07:12","guid":{"rendered":"https:\/\/www.europesays.com\/fr\/289570\/"},"modified":"2025-08-01T18:07:12","modified_gmt":"2025-08-01T18:07:12","slug":"savoie-un-vetetiste-de-51-ans-evacue-a-grenoble-apres-une-lourde-chute-aux-arcs","status":"publish","type":"post","link":"https:\/\/www.europesays.com\/fr\/289570\/","title":{"rendered":"Savoie. Un v\u00e9t\u00e9tiste de 51 ans \u00e9vacu\u00e9 \u00e0 Grenoble apr\u00e8s une lourde chute aux Arcs"},"content":{"rendered":"<p>Ce vendredi 1er \u00a0ao\u00fbt, le d\u00e9tachement de la Compagnie r\u00e9publicaine de s\u00e9curit\u00e9 (<a href=\"https:\/\/www.ledauphine.com\/faits-divers-justice\/2025\/07\/31\/chutes-en-vtt-blessures-en-randonnees-sept-secours-de-la-crs-de-courchevel\" target=\"_blank\" rel=\"nofollow noopener\">CRS<\/a>) Alpes, bas\u00e9 \u00e0 Courchevel, est intervenu pour deux accidents de VTT.<\/p>\n<p>Aux Arcs, un v\u00e9t\u00e9tiste de 51 ans est lourdement tomb\u00e9 et sa colonne vert\u00e9brale pourrait \u00eatre touch\u00e9e. \u00c0 leur arriv\u00e9e, les CRS ont retrouv\u00e9 un homme conscient, mais atteint de troubles neurologiques, du fait d\u2019un traumatisme rachidien. Devant son \u00e9tat pr\u00e9occupant, les CRS ont h\u00e9liport\u00e9 l\u2019homme vers l\u2019h\u00f4pital de Grenoble (Is\u00e8re).<\/p>\n<p>Ce contenu est bloqu\u00e9 car vous n&rsquo;avez pas accept\u00e9 les cookies et autres traceurs.<\/p>\n<p>En cliquant sur \u00ab J\u2019accepte \u00bb, les cookies et autres traceurs seront d\u00e9pos\u00e9s et vous pourrez visualiser les contenus  (<a href=\"\" class=\"consentModule_policy\" target=\"_blank\" title=\"Consulter la politique de protection des donn\u00e9es du fournisseur\">plus d&rsquo;informations<\/a>).<\/p>\n<p>En cliquant sur \u00ab J\u2019accepte tous les cookies \u00bb, vous autorisez des d\u00e9p\u00f4ts de cookies et autres traceurs pour le stockage de vos donn\u00e9es sur nos sites et applications \u00e0 des fins de personnalisation et de ciblage publicitaire.<\/p>\n<p class=\"consentModule_secondaryText\">Vous gardez la possibilit\u00e9 de retirer votre consentement \u00e0 tout moment en consultant notre <a href=\"https:\/\/www.ledauphine.com\/protection-des-donnees\" target=\"_blank\" title=\"Consulter notre politique de protection des donn\u00e9es\" rel=\"nofollow noopener\">politique de protection des donn\u00e9es<\/a>. <br \/>&#13;<br \/>\n            <a href=\"https:\/\/www.ledauphine.com\/faits-divers-justice\/2025\/08\/01\/javascript:Didomi.notice.show()\" class=\"consentModule_cmp\" rel=\"nofollow noopener\" target=\"_blank\">G\u00e9rer mes choix<\/a>&#13;\n        <\/p>\n<p>&#13;<br \/>\n                        J&rsquo;accepte&#13;<br \/>\n            J&rsquo;accepte tous les cookies&#13;\n        <\/p>\n<p>Les secours sont \u00e9galement intervenus \u00e0 Tignes pour un gar\u00e7on de 7 ans, dont la chute \u00e0 v\u00e9lo lui a caus\u00e9 une fracture du f\u00e9mur.<\/p>\n<p>Ce contenu est bloqu\u00e9 car vous n&rsquo;avez pas accept\u00e9 les cookies et autres traceurs.<\/p>\n<p>En cliquant sur \u00ab J\u2019accepte \u00bb, les cookies et autres traceurs seront d\u00e9pos\u00e9s et vous pourrez visualiser les contenus  (<a href=\"\" class=\"consentModule_policy\" target=\"_blank\" title=\"Consulter la politique de protection des donn\u00e9es du fournisseur\">plus d&rsquo;informations<\/a>).<\/p>\n<p>En cliquant sur \u00ab J\u2019accepte tous les cookies \u00bb, vous autorisez des d\u00e9p\u00f4ts de cookies et autres traceurs pour le stockage de vos donn\u00e9es sur nos sites et applications \u00e0 des fins de personnalisation et de ciblage publicitaire.<\/p>\n<p class=\"consentModule_secondaryText\">Vous gardez la possibilit\u00e9 de retirer votre consentement \u00e0 tout moment en consultant notre <a href=\"https:\/\/www.ledauphine.com\/protection-des-donnees\" target=\"_blank\" title=\"Consulter notre politique de protection des donn\u00e9es\" rel=\"nofollow noopener\">politique de protection des donn\u00e9es<\/a>. <br \/>&#13;<br \/>\n            <a href=\"https:\/\/www.ledauphine.com\/faits-divers-justice\/2025\/08\/01\/javascript:Didomi.notice.show()\" class=\"consentModule_cmp\" rel=\"nofollow noopener\" target=\"_blank\">G\u00e9rer mes choix<\/a>&#13;\n        <\/p>\n<p>&#13;<br \/>\n                        J&rsquo;accepte&#13;<br \/>\n            J&rsquo;accepte tous les cookies&#13;\n        <\/p>\n<p>L\u2019enfant a \u00e9t\u00e9 rapatri\u00e9 \u00e0 l\u2019h\u00f4pital de Chamb\u00e9ry. Enfin, les CRS ont h\u00e9litreuill\u00e9 un homme d\u2019une cinquantaine d\u2019ann\u00e9es, bloqu\u00e9 sur une tyrolienne de la via ferrata des Betti\u00e8res \u00e0 Peisey-Nancroix.<\/p>\n","protected":false},"excerpt":{"rendered":"Ce vendredi 1er \u00a0ao\u00fbt, le d\u00e9tachement de la Compagnie r\u00e9publicaine de s\u00e9curit\u00e9 (CRS) Alpes, bas\u00e9 \u00e0 Courchevel, est&hellip;\n","protected":false},"author":2,"featured_media":289571,"comment_status":"","ping_status":"","sticky":false,"template":"","format":"standard","meta":{"footnotes":""},"categories":[9566],"tags":[119,1111,11,2430,7003,1777,674,274,107,1011,27,2731,42848,12,25,5508,42849],"class_list":{"0":"post-289570","1":"post","2":"type-post","3":"status-publish","4":"format-standard","5":"has-post-thumbnail","7":"category-grenoble","8":"tag-accident","9":"tag-actu","10":"tag-actualites","11":"tag-auvergne-rhone-alpes","12":"tag-edition-tarentaise-maurienne","13":"tag-eu","14":"tag-europe","15":"tag-faits-divers-justice","16":"tag-fil-info","17":"tag-fr","18":"tag-france","19":"tag-grenoble","20":"tag-les-arcs","21":"tag-news","22":"tag-republique-francaise","23":"tag-savoie","24":"tag-tignes"},"share_on_mastodon":{"url":"https:\/\/pubeurope.com\/@fr\/114954845782154706","error":""},"_links":{"self":[{"href":"https:\/\/www.europesays.com\/fr\/wp-json\/wp\/v2\/posts\/289570","targetHints":{"allow":["GET"]}}],"collection":[{"href":"https:\/\/www.europesays.com\/fr\/wp-json\/wp\/v2\/posts"}],"about":[{"href":"https:\/\/www.europesays.com\/fr\/wp-json\/wp\/v2\/types\/post"}],"author":[{"embeddable":true,"href":"https:\/\/www.europesays.com\/fr\/wp-json\/wp\/v2\/users\/2"}],"replies":[{"embeddable":true,"href":"https:\/\/www.europesays.com\/fr\/wp-json\/wp\/v2\/comments?post=289570"}],"version-history":[{"count":0,"href":"https:\/\/www.europesays.com\/fr\/wp-json\/wp\/v2\/posts\/289570\/revisions"}],"wp:featuredmedia":[{"embeddable":true,"href":"https:\/\/www.europesays.com\/fr\/wp-json\/wp\/v2\/media\/289571"}],"wp:attachment":[{"href":"https:\/\/www.europesays.com\/fr\/wp-json\/wp\/v2\/media?parent=289570"}],"wp:term":[{"taxonomy":"category","embeddable":true,"href":"https:\/\/www.europesays.com\/fr\/wp-json\/wp\/v2\/categories?post=289570"},{"taxonomy":"post_tag","embeddable":true,"href":"https:\/\/www.europesays.com\/fr\/wp-json\/wp\/v2\/tags?post=289570"}],"curies":[{"name":"wp","href":"https:\/\/api.w.org\/{rel}","templated":true}]}}