{"id":289589,"date":"2025-08-01T18:17:15","date_gmt":"2025-08-01T18:17:15","guid":{"rendered":"https:\/\/www.europesays.com\/fr\/289589\/"},"modified":"2025-08-01T18:17:15","modified_gmt":"2025-08-01T18:17:15","slug":"les-girondins-officialisent-le-recrutement-de-wilfrid-rastoll","status":"publish","type":"post","link":"https:\/\/www.europesays.com\/fr\/289589\/","title":{"rendered":"Les Girondins officialisent le recrutement de Wilfrid Rastoll"},"content":{"rendered":"<p><img decoding=\"async\" src=\"https:\/\/www.europesays.com\/fr\/wp-content\/uploads\/2025\/08\/671_54ca3d4c11a4386b3668f615df06b2f5.jpg\" alt=\"Les Girondins officialisent le recrutement de Wilfrid Rastoll\" class=\"img-responsive mt-3\"\/><\/p>\n<p class=\"text-center mb-3\" style=\"font-size: 14px\">\u00a9 Iconsport<\/p>\n<p style=\"text-align: justify;\">En poste depuis lundi aupr\u00e8s des gardiens de buts des Girondins de Bordeaux, Wilfrid Rastoll a \u00e9t\u00e9 officialis\u00e9 dans sa fonction par le club.<\/p>\n<p style=\"text-align: justify;\">Les mots du club :\u00a0<\/p>\n<p style=\"text-align: justify;\">\u00ab\u00a0Le staff des Girondins de Bordeaux s&rsquo;agrandit. Wilfrid Rastoll est notre nouvel entra\u00eeneur des gardiens de but. \u00c2g\u00e9 de 50 ans, Wilfrid Rastoll rejoint les Marine et Blanc en provenance du centre de formation de Troyes (ESTAC), o\u00f9 il officiait en tant que coach des portiers. Il dispose \u00e9galement d\u2019un pass\u00e9 d\u2019entraineur des gardiens en National \u00e0 Marseille-Consolat et aupr\u00e8s de l\u2019\u00e9quipe f\u00e9minine de l\u2019Olympique de Marseille. Il a d\u00e9j\u00e0 anim\u00e9 plusieurs s\u00e9ances en compagnie de Jan Hoekstra, Dava David Agossa et Damien Lecroart. Bienvenue chez les Girondins Wilfrid !\u00a0\u00bb.<\/p>\n<p style=\"text-align: justify;\">\u00a0<\/p>\n<blockquote class=\"twitter-tweet\">\n<p dir=\"ltr\" lang=\"fr\">???????????????????????????????????? ???????????????????????????? :blue_heart:<\/p>\n<p>Le staff des Girondins de Bordeaux s&rsquo;agrandit : Wilfrid Rastoll est notre nouvel entra\u00eeneur des gardiens de but. \u00c2g\u00e9 de 50 ans, Wilfrid rejoint les Marine et Blanc en provenance du centre de formation de Troyes (ESTAC).<a href=\"https:\/\/twitter.com\/hashtag\/AllezBordeaux?src=hash&amp;ref_src=twsrc%5Etfw\" target=\"_blank\" rel=\"noopener\">#AllezBordeaux<\/a><\/p>\n<p>\u2014 FC Girondins de Bordeaux (@girondins) <a href=\"https:\/\/twitter.com\/girondins\/status\/1951190851847331909?ref_src=twsrc%5Etfw\" target=\"_blank\" rel=\"noopener\">August 1, 2025<\/a>\n<\/p><\/blockquote>\n<p>\u00a0<\/p>\n<p style=\"text-align: justify;\">\u00c0 lire &gt;&gt; <strong><a href=\"https:\/\/www.webgirondins.com\/actualite-girondins-girondins-andrea-lardez-on-veut-de-la-reconnaissance-du-respect-et-un-minimum-de-moyens-129911\" target=\"_blank\" rel=\"noopener\">Andr\u00e9a Lardez : \u201cOn veut de la reconnaissance, du respect et un minimum de moyens\u201d<\/a><\/strong><\/p>\n<p style=\"text-align: justify;\">\u00a0<\/p>\n<p style=\"text-align: justify;\">Notre podcast court \u00e0 \u00e9couter :<\/p>\n<p>\u00a0<\/p>\n<p>    <script async src=\"https:\/\/platform.twitter.com\/widgets.js\" charset=\"utf-8\"><\/script><\/p>\n","protected":false},"excerpt":{"rendered":"\u00a9 Iconsport En poste depuis lundi aupr\u00e8s des gardiens de buts des Girondins de Bordeaux, Wilfrid Rastoll a&hellip;\n","protected":false},"author":2,"featured_media":289590,"comment_status":"","ping_status":"","sticky":false,"template":"","format":"standard","meta":{"footnotes":""},"categories":[2817],"tags":[1111,11,16190,1997,17070,1994,1777,674,1011,27,1995,1987,4432,12,2219,28960,38938,42854,7099,25,42853],"class_list":{"0":"post-289589","1":"post","2":"type-post","3":"status-publish","4":"format-standard","5":"has-post-thumbnail","7":"category-bordeaux","8":"tag-actu","9":"tag-actualites","10":"tag-adjoint","11":"tag-bordeaux","12":"tag-charge","13":"tag-entraineur","14":"tag-eu","15":"tag-europe","16":"tag-fr","17":"tag-france","18":"tag-gardiens","19":"tag-girondins","20":"tag-jour","21":"tag-news","22":"tag-nouvelle-aquitaine","23":"tag-officialise","24":"tag-officialisent","25":"tag-rastoll","26":"tag-recrutement","27":"tag-republique-francaise","28":"tag-wilfrid"},"share_on_mastodon":{"url":"https:\/\/pubeurope.com\/@fr\/114954885230414815","error":""},"_links":{"self":[{"href":"https:\/\/www.europesays.com\/fr\/wp-json\/wp\/v2\/posts\/289589","targetHints":{"allow":["GET"]}}],"collection":[{"href":"https:\/\/www.europesays.com\/fr\/wp-json\/wp\/v2\/posts"}],"about":[{"href":"https:\/\/www.europesays.com\/fr\/wp-json\/wp\/v2\/types\/post"}],"author":[{"embeddable":true,"href":"https:\/\/www.europesays.com\/fr\/wp-json\/wp\/v2\/users\/2"}],"replies":[{"embeddable":true,"href":"https:\/\/www.europesays.com\/fr\/wp-json\/wp\/v2\/comments?post=289589"}],"version-history":[{"count":0,"href":"https:\/\/www.europesays.com\/fr\/wp-json\/wp\/v2\/posts\/289589\/revisions"}],"wp:featuredmedia":[{"embeddable":true,"href":"https:\/\/www.europesays.com\/fr\/wp-json\/wp\/v2\/media\/289590"}],"wp:attachment":[{"href":"https:\/\/www.europesays.com\/fr\/wp-json\/wp\/v2\/media?parent=289589"}],"wp:term":[{"taxonomy":"category","embeddable":true,"href":"https:\/\/www.europesays.com\/fr\/wp-json\/wp\/v2\/categories?post=289589"},{"taxonomy":"post_tag","embeddable":true,"href":"https:\/\/www.europesays.com\/fr\/wp-json\/wp\/v2\/tags?post=289589"}],"curies":[{"name":"wp","href":"https:\/\/api.w.org\/{rel}","templated":true}]}}