{"id":289600,"date":"2025-08-01T18:23:11","date_gmt":"2025-08-01T18:23:11","guid":{"rendered":"https:\/\/www.europesays.com\/fr\/289600\/"},"modified":"2025-08-01T18:23:11","modified_gmt":"2025-08-01T18:23:11","slug":"je-suis-morte-avec-toi-ce-que-lon-sait","status":"publish","type":"post","link":"https:\/\/www.europesays.com\/fr\/289600\/","title":{"rendered":"\u00ab\u00a0Je suis morte avec toi\u00a0\u00bb, ce que l\u2019on sait"},"content":{"rendered":"<p>Une nuit de violence \u00e0 Marseille a fauch\u00e9 un jeune homme de 24\u00a0ans. Sid Ahmed B., mari de l\u2019actrice Kenza Fortas, a \u00e9t\u00e9 tu\u00e9 par balles dans la cit\u00e9 de la Bricarde (15\u1d49 arrondissement), aux alentours de 00h30 dans la nuit de lundi \u00e0 mardi. Selon les informations de<a href=\"https:\/\/france3-regions.franceinfo.fr\/provence-alpes-cote-d-azur\/bouches-du-rhone\/marseille\/ils-m-ont-enleve-ma-raison-de-vivre-le-mari-de-l-actrice-kenza-fortas-tue-par-balle-dans-les-quartiers-nord-de-marseille-3195261.html\" target=\"_blank\" rel=\"noopener\"> France 3 Provence-Alpes-C\u00f4te-d\u2019Azur,<\/a><strong> un tireur a ouvert le feu avec une arme de type fusil d\u2019assaut, laissant 29 \u00e9tuis sur la sc\u00e8ne de crime.<\/strong><\/p>\n<p>Une attaque cibl\u00e9e au c\u0153ur des quartiers nord<\/p>\n<p>La victime a \u00e9t\u00e9 retrouv\u00e9e gravement bless\u00e9e devant un snack. Malgr\u00e9 l\u2019intervention rapide des secours, elle est d\u00e9c\u00e9d\u00e9e \u00e0 l\u2019h\u00f4pital des suites de ses blessures au thorax, rapporte <a href=\"https:\/\/www.lepoint.fr\/people\/le-mari-de-l-actrice-kenza-fortas-tue-dans-une-fusillade-a-marseille-01-08-2025-2595574_2116.php\" target=\"_blank\" rel=\"noopener\">Le Point<\/a>. Le tireur a pris la fuite. Le parquet de Marseille a ouvert une<strong> enqu\u00eate pour homicide volontaire, confi\u00e9e \u00e0 la police judiciaire.<\/strong> Sur son casier judiciaire figuraient des faits de recel ou encore usage de stup\u00e9fiants.<\/p>\n<p>Selon les premiers \u00e9l\u00e9ments cit\u00e9s nos confr\u00e8res, Sid Ahmed B. \u00e9tait connu de la juste pour des affaires mineures, pr\u00e9cise <a href=\"https:\/\/www.leparisien.fr\/faits-divers\/ils-mont-enleve-ma-raison-de-vivre-ce-que-lon-sait-du-meurtre-de-sid-ahmed-b-le-mari-de-lactrice-kenza-fortas-01-08-2025-CMTCBQTMEZHXNMZJS4VSUGB2VM.php\" target=\"_blank\" rel=\"noopener\">Le Parisien<\/a>. Il aurait \u00e9t\u00e9 la cible d\u2019une <strong>tentative de meurtre un an auparavant.<\/strong><strong\/><\/p>\n<p>Kenza Fortas bris\u00e9e par la perte<\/p>\n<p>R\u00e9v\u00e9l\u00e9e en\u00a02018 dans le film <a href=\"https:\/\/www.laprovence.com\/actu\/en-direct\/5864264\/push.html\" target=\"_blank\" rel=\"noopener\">Sh\u00e9h\u00e9razade<\/a>, r\u00f4le pour lequel elle a re\u00e7u le <a href=\"https:\/\/www.laprovence.com\/article\/culture-loisirs\/3752167152021615\/hafsia-herzi-et-malou-khebizi-2-marseillaises-sur-la-route-de-la-50e-ceremonie-des-cesar\" target=\"_blank\" rel=\"noopener\">C\u00e9sar <\/a>du meilleur espoir f\u00e9minin, Kenza Fortas a exprim\u00e9 son chagrin sur Snapchat. \u00ab\u00a0Ils m\u2019ont enlev\u00e9 ma raison de vivre\u00a0\u00bb, \u00e9crit-elle, \u00e9voquant son mari comme \u00ab\u00a0le go\u00fbt de sa vie\u00a0\u00bb, et confiant\u00a0: \u00ab\u00a0Je suis morte avec toi.\u00a0\u00bb<\/p>\n<p>Dans des messages relay\u00e9s par <a href=\"https:\/\/www.bfmtv.com\/people\/ils-m-ont-enleve-ma-raison-de-vivre-l-actrice-kenza-fortas-annonce-la-mort-de-son-mari-tue-par-balles-a-marseille_AN-202508010222.html\" target=\"_blank\" rel=\"noopener\">BFMTV<\/a>, l\u2019actrice \u00e9voque \u00e9galement leur enfant\u00a0: \u00ab\u00a0Vous avez laiss\u00e9 un b\u00e9b\u00e9 de deux ans derri\u00e8re vous.\u00a0\u00bb Elle conclut avec une d\u00e9claration d\u2019amour posthume\u00a0: \u00ab\u00a0Je te pardonne tout. Tu peux partir en paix.\u00a0\u00bb<\/p>\n<p>Comme le rappelle Le Parisien, Dylan Robert, partenaire de Fortas dans le film, est aujourd\u2019hui incarc\u00e9r\u00e9. \u00c0 seulement 25\u00a0ans, Kenza Fortas enterre aujourd\u2019hui le p\u00e8re de son fils. Ce n\u2019est en tout cas <strong>pas la premi\u00e8re fois que l\u2019un des proches de la jeune femme conna\u00eet un destin tragique\u00a0<\/strong>: en\u00a02023, son ami d\u2019enfance Dylan Robert a \u00e9t\u00e9 mis en examen pour assassinat. D\u00e9j\u00e0 incarc\u00e9r\u00e9, il est soup\u00e7onn\u00e9 d\u2019avoir pilot\u00e9 le scooter duquel un tireur a assassin\u00e9 un adolescent de 14\u00a0ans en\u00a02021, relate <a href=\"https:\/\/www.leparisien.fr\/faits-divers\/ils-mont-enleve-ma-raison-de-vivre-ce-que-lon-sait-du-meurtre-de-sid-ahmed-b-le-mari-de-lactrice-kenza-fortas-01-08-2025-CMTCBQTMEZHXNMZJS4VSUGB2VM.php\" target=\"_blank\" rel=\"noopener\">Le Parisien.<\/a><\/p>\n<p>D\u2019apr\u00e8s l\u2019AFP, il s\u2019agirait\u00a0du\u00a0<strong>neuvi\u00e8me\u00a0\u00ab\u00a0narchomicide\u00a0\u00bb\u00a0de l\u2019ann\u00e9e\u00a02025 dans\u00a0les Bouches-du-Rh\u00f4ne.<\/strong><\/p>\n","protected":false},"excerpt":{"rendered":"Une nuit de violence \u00e0 Marseille a fauch\u00e9 un jeune homme de 24\u00a0ans. Sid Ahmed B., mari de&hellip;\n","protected":false},"author":2,"featured_media":289601,"comment_status":"","ping_status":"","sticky":false,"template":"","format":"standard","meta":{"footnotes":""},"categories":[2814],"tags":[17,1111,11,1102,1777,674,42822,1011,27,757,42821,13109,884,18,12,882,16,25,42855],"class_list":{"0":"post-289600","1":"post","2":"type-post","3":"status-publish","4":"format-standard","5":"has-post-thumbnail","7":"category-marseille","8":"tag-17","9":"tag-actu","10":"tag-actualites","11":"tag-breakingnews","12":"tag-eu","13":"tag-europe","14":"tag-fortas","15":"tag-fr","16":"tag-france","17":"tag-je","18":"tag-kenza","19":"tag-mari","20":"tag-marseille","21":"tag-mort","22":"tag-news","23":"tag-provence-alpes-cote-dazur","24":"tag-region","25":"tag-republique-francaise","26":"tag-tragique"},"share_on_mastodon":{"url":"https:\/\/pubeurope.com\/@fr\/114954908761207256","error":""},"_links":{"self":[{"href":"https:\/\/www.europesays.com\/fr\/wp-json\/wp\/v2\/posts\/289600","targetHints":{"allow":["GET"]}}],"collection":[{"href":"https:\/\/www.europesays.com\/fr\/wp-json\/wp\/v2\/posts"}],"about":[{"href":"https:\/\/www.europesays.com\/fr\/wp-json\/wp\/v2\/types\/post"}],"author":[{"embeddable":true,"href":"https:\/\/www.europesays.com\/fr\/wp-json\/wp\/v2\/users\/2"}],"replies":[{"embeddable":true,"href":"https:\/\/www.europesays.com\/fr\/wp-json\/wp\/v2\/comments?post=289600"}],"version-history":[{"count":0,"href":"https:\/\/www.europesays.com\/fr\/wp-json\/wp\/v2\/posts\/289600\/revisions"}],"wp:featuredmedia":[{"embeddable":true,"href":"https:\/\/www.europesays.com\/fr\/wp-json\/wp\/v2\/media\/289601"}],"wp:attachment":[{"href":"https:\/\/www.europesays.com\/fr\/wp-json\/wp\/v2\/media?parent=289600"}],"wp:term":[{"taxonomy":"category","embeddable":true,"href":"https:\/\/www.europesays.com\/fr\/wp-json\/wp\/v2\/categories?post=289600"},{"taxonomy":"post_tag","embeddable":true,"href":"https:\/\/www.europesays.com\/fr\/wp-json\/wp\/v2\/tags?post=289600"}],"curies":[{"name":"wp","href":"https:\/\/api.w.org\/{rel}","templated":true}]}}