{"id":289602,"date":"2025-08-01T18:24:12","date_gmt":"2025-08-01T18:24:12","guid":{"rendered":"https:\/\/www.europesays.com\/fr\/289602\/"},"modified":"2025-08-01T18:24:12","modified_gmt":"2025-08-01T18:24:12","slug":"ce-jeune-lyonnais-est-le-nouveau-maestro-de-noubliez-pas-les-paroles","status":"publish","type":"post","link":"https:\/\/www.europesays.com\/fr\/289602\/","title":{"rendered":"ce jeune Lyonnais est le nouveau Maestro de \u201cN\u2019oubliez pas les paroles\u201d"},"content":{"rendered":"<p>Il a 25 ans, des chemises color\u00e9es, une perle \u00e0 l\u2019oreille et de longs cheveux boucl\u00e9s. Pierre-Yves Pegeot, le jeune Maestro de l\u2019\u00e9mission \u201cN\u2019oubliez pas les paroles\u201d, poursuit sans rel\u00e2che son ascension sur le plateau de <a href=\"https:\/\/www.leprogres.fr\/p\/nagui\" target=\"_blank\" rel=\"nofollow noopener\">Nagui<\/a> depuis le 18\u00a0juillet, cumulant jusqu\u2019alors 22 victoires et 94\u00a0000\u00a0euros de gain.<\/p>\n<p>Lors d\u2019un entretien, Le Progr\u00e8s a pos\u00e9 quelques questions au\u00a0dessinateur de bande dessin\u00e9e, sur son exp\u00e9rience.<\/p>\n<blockquote class=\"question\"><p><strong>Comment vous \u00eates-vous retrouv\u00e9 \u00e0 participer \u00e0 l\u2019\u00e9mission de Nagui\u00a0?<\/strong><\/p><\/blockquote>\n<p>\u00ab\u00a0Quand j\u2019\u00e9tais ado, je me suis mis \u00e0 \u00e9couter de plus en plus de vari\u00e9t\u00e9 fran\u00e7aise. Alors un jour, pour blaguer, mes amis m\u2019ont inscrit pour participer \u00e0 \u201cN\u2019oubliez pas les paroles\u201d quand j\u2019avais 21 ans. J\u2019\u00e9tais tr\u00e8s&#8230;<\/p>\n","protected":false},"excerpt":{"rendered":"Il a 25 ans, des chemises color\u00e9es, une perle \u00e0 l\u2019oreille et de longs cheveux boucl\u00e9s. Pierre-Yves Pegeot,&hellip;\n","protected":false},"author":2,"featured_media":289603,"comment_status":"","ping_status":"","sticky":false,"template":"","format":"standard","meta":{"footnotes":""},"categories":[1889],"tags":[1111,11,2430,1687,2757,1777,674,1011,27,330,10265,2428,2756,12,25,104,2205],"class_list":{"0":"post-289602","1":"post","2":"type-post","3":"status-publish","4":"format-standard","5":"has-post-thumbnail","7":"category-lyon","8":"tag-actu","9":"tag-actualites","10":"tag-auvergne-rhone-alpes","11":"tag-culture-loisirs","12":"tag-edition-lyon-villeurbanne","13":"tag-eu","14":"tag-europe","15":"tag-fr","16":"tag-france","17":"tag-jeux","18":"tag-loto","19":"tag-lyon","20":"tag-lyon-bassin","21":"tag-news","22":"tag-republique-francaise","23":"tag-societe","24":"tag-television-medias"},"share_on_mastodon":{"url":"https:\/\/pubeurope.com\/@fr\/114954912683929197","error":""},"_links":{"self":[{"href":"https:\/\/www.europesays.com\/fr\/wp-json\/wp\/v2\/posts\/289602","targetHints":{"allow":["GET"]}}],"collection":[{"href":"https:\/\/www.europesays.com\/fr\/wp-json\/wp\/v2\/posts"}],"about":[{"href":"https:\/\/www.europesays.com\/fr\/wp-json\/wp\/v2\/types\/post"}],"author":[{"embeddable":true,"href":"https:\/\/www.europesays.com\/fr\/wp-json\/wp\/v2\/users\/2"}],"replies":[{"embeddable":true,"href":"https:\/\/www.europesays.com\/fr\/wp-json\/wp\/v2\/comments?post=289602"}],"version-history":[{"count":0,"href":"https:\/\/www.europesays.com\/fr\/wp-json\/wp\/v2\/posts\/289602\/revisions"}],"wp:featuredmedia":[{"embeddable":true,"href":"https:\/\/www.europesays.com\/fr\/wp-json\/wp\/v2\/media\/289603"}],"wp:attachment":[{"href":"https:\/\/www.europesays.com\/fr\/wp-json\/wp\/v2\/media?parent=289602"}],"wp:term":[{"taxonomy":"category","embeddable":true,"href":"https:\/\/www.europesays.com\/fr\/wp-json\/wp\/v2\/categories?post=289602"},{"taxonomy":"post_tag","embeddable":true,"href":"https:\/\/www.europesays.com\/fr\/wp-json\/wp\/v2\/tags?post=289602"}],"curies":[{"name":"wp","href":"https:\/\/api.w.org\/{rel}","templated":true}]}}