{"id":289608,"date":"2025-08-01T18:28:11","date_gmt":"2025-08-01T18:28:11","guid":{"rendered":"https:\/\/www.europesays.com\/fr\/289608\/"},"modified":"2025-08-01T18:28:11","modified_gmt":"2025-08-01T18:28:11","slug":"adam-silver-a-rencontre-les-dirigeants-du-real-madrid-a-paris","status":"publish","type":"post","link":"https:\/\/www.europesays.com\/fr\/289608\/","title":{"rendered":"Adam Silver a rencontr\u00e9 les dirigeants du Real Madrid&#8230; \u00e0 Paris"},"content":{"rendered":"<p>Ces derniers jours, le Commissionner Adam Silver, son bras droit Mark Tatum et George Aivazoglou,\u00a0le directeur ex\u00e9cutif de la NBA en Europe, ont rencontr\u00e9 \u00e0 Londres le Premier ministre britannique Keir Starmer et le maire de Londres, Sadiq Khan. Londres est l\u2019une des cibles privil\u00e9gi\u00e9es du projet de la NBA.<\/p>\n<p>\u00a0Par ailleurs, Adam Silver et ses adjoints ont eu des discussions avec des repr\u00e9sentants de quatre soci\u00e9t\u00e9s de capital-investissement (CVC, RedBird, Bridgepoint et KKR), ainsi qu\u2019avec le club turc de basket-ball et de football de Galatasaray, indique <a href=\"https:\/\/www.nytimes.com\/athletic\/6527966\/2025\/07\/31\/adam-silver-nba-euroleague-real-madrid\/?ref=basketeurope.com\" rel=\"noreferrer nofollow noopener\" target=\"_blank\">The Athletic<\/a>.<\/p>\n<p>\u00a0Autre fait int\u00e9ressant, c\u2019est \u00e0 Paris que les trois hommes ont eu une r\u00e9union avec des dirigeants du Real Madrid afin d&rsquo;\u00e9voquer la possibilit\u00e9 d&rsquo;une adh\u00e9sion du club espagnol \u00e0 la ligue europ\u00e9enne. \u00ab\u00a0L&rsquo;adh\u00e9sion du g\u00e9ant du football et du basket-ball marquerait une \u00e9tape importante dans le lancement de l&rsquo;aventure internationale de la NBA\u00a0\u00bb, estime <a href=\"https:\/\/www.nytimes.com\/athletic\/6527966\/2025\/07\/31\/adam-silver-nba-euroleague-real-madrid\/?ref=basketeurope.com\" rel=\"noreferrer nofollow noopener\" target=\"_blank\">The Athletic<\/a>. \u00ab\u00a0Si le Real Madrid rejoignait la nouvelle aventure de Silver, d&rsquo;autres clubs d&rsquo;Euroleague suivraient, selon des sources europ\u00e9ennes.\u00a0\u00bb<\/p>\n<p>\u00a0Selon <a href=\"https:\/\/www.nytimes.com\/athletic\/6527966\/2025\/07\/31\/adam-silver-nba-euroleague-real-madrid\/?ref=basketeurope.com\" rel=\"noreferrer nofollow noopener\" target=\"_blank\">The Athletic<\/a>, Adam Silver pr\u00e9voit d&rsquo;autres r\u00e9unions avec des partenaires europ\u00e9ens potentiels, toujours \u00e0 Paris, et de rappeler que le commissioner a eu de nombreuses discussions avec Qatar Sports Investments, propri\u00e9taire du Paris Saint-Germain, au sujet de la cr\u00e9ation d&rsquo;une nouvelle \u00e9quipe de basket parisienne pour sa ligue.<\/p>\n<p><a href=\"https:\/\/www.sportsbusinessjournal.com\/Articles\/2025\/07\/31\/nba-europe-franchise-fees-likely-to-exceed-500m\/?ref=basketeurope.com\" rel=\"noreferrer nofollow noopener\" target=\"_blank\">Le Sportsbusiness journal <\/a>rapporte que la NBA cherche \u00e0 obtenir des investissements situ\u00e9s entre 500 millions et un milliard de dollars pour chaque franchise !<\/p>\n<p>\u00a0La NBA aurait \u00e9galement rencontr\u00e9 les dirigeants de l\u2019Alba Berlin qui vient de quitter l\u2019Euroleague pour la Basketball Champions League. Le FC Barcelone, Fenerbah\u00e7e et l\u2019ASVEL sont \u00e9galement suivis de pr\u00e8s par la ligue am\u00e9ricaine, qui envisage pour sa ligue en Europe la participation de 16 \u00e9quipes avec quelques transfuges de l&rsquo;Euroleague et de nouvelles franchises sur des march\u00e9s majeurs comme Paris et Londres. La ligue r\u00e9serverait \u00e9galement des places pour que les \u00e9quipes puissent y acc\u00e9der en fonction de leurs r\u00e9sultats dans leurs ligues nationales ou dans la Basketball Champions League.<\/p>\n<p>On peut remarquer que des prochains matches de saison r\u00e9guli\u00e8re de NBA vont se tenir \u00e0 Berlin, Londres, Manchester et Paris qui sera sollicit\u00e9 4 fois en 5 ans. Ce n\u2019est \u00e9videmment pas un hasard.<\/p>\n","protected":false},"excerpt":{"rendered":"Ces derniers jours, le Commissionner Adam Silver, son bras droit Mark Tatum et George Aivazoglou,\u00a0le directeur ex\u00e9cutif de&hellip;\n","protected":false},"author":2,"featured_media":289609,"comment_status":"","ping_status":"","sticky":false,"template":"","format":"standard","meta":{"footnotes":""},"categories":[1888],"tags":[1111,1928,11,1927,1777,674,1011,27,12,1926,626,1925,25],"class_list":{"0":"post-289608","1":"post","2":"type-post","3":"status-publish","4":"format-standard","5":"has-post-thumbnail","7":"category-paris","8":"tag-actu","9":"tag-actu-paris","10":"tag-actualites","11":"tag-actualites-paris","12":"tag-eu","13":"tag-europe","14":"tag-fr","15":"tag-france","16":"tag-news","17":"tag-news-paris","18":"tag-paris","19":"tag-paris-news","20":"tag-republique-francaise"},"share_on_mastodon":{"url":"https:\/\/pubeurope.com\/@fr\/114954928927091717","error":""},"_links":{"self":[{"href":"https:\/\/www.europesays.com\/fr\/wp-json\/wp\/v2\/posts\/289608","targetHints":{"allow":["GET"]}}],"collection":[{"href":"https:\/\/www.europesays.com\/fr\/wp-json\/wp\/v2\/posts"}],"about":[{"href":"https:\/\/www.europesays.com\/fr\/wp-json\/wp\/v2\/types\/post"}],"author":[{"embeddable":true,"href":"https:\/\/www.europesays.com\/fr\/wp-json\/wp\/v2\/users\/2"}],"replies":[{"embeddable":true,"href":"https:\/\/www.europesays.com\/fr\/wp-json\/wp\/v2\/comments?post=289608"}],"version-history":[{"count":0,"href":"https:\/\/www.europesays.com\/fr\/wp-json\/wp\/v2\/posts\/289608\/revisions"}],"wp:featuredmedia":[{"embeddable":true,"href":"https:\/\/www.europesays.com\/fr\/wp-json\/wp\/v2\/media\/289609"}],"wp:attachment":[{"href":"https:\/\/www.europesays.com\/fr\/wp-json\/wp\/v2\/media?parent=289608"}],"wp:term":[{"taxonomy":"category","embeddable":true,"href":"https:\/\/www.europesays.com\/fr\/wp-json\/wp\/v2\/categories?post=289608"},{"taxonomy":"post_tag","embeddable":true,"href":"https:\/\/www.europesays.com\/fr\/wp-json\/wp\/v2\/tags?post=289608"}],"curies":[{"name":"wp","href":"https:\/\/api.w.org\/{rel}","templated":true}]}}