{"id":289610,"date":"2025-08-01T18:29:27","date_gmt":"2025-08-01T18:29:27","guid":{"rendered":"https:\/\/www.europesays.com\/fr\/289610\/"},"modified":"2025-08-01T18:29:27","modified_gmt":"2025-08-01T18:29:27","slug":"mercato-psg-pourquoi-le-transfert-de-kolo-muani-a-la-juventus-tarde-a-se-concretiser","status":"publish","type":"post","link":"https:\/\/www.europesays.com\/fr\/289610\/","title":{"rendered":"Mercato PSG\u00a0: pourquoi le transfert de Kolo Muani \u00e0 la Juventus tarde \u00e0 se concr\u00e9tiser"},"content":{"rendered":"<p class=\"paragraph text_align_left lp-f-body-02\">C\u2019est un dossier que l\u2019on imaginait r\u00e9gl\u00e9 <a href=\"https:\/\/www.leparisien.fr\/sports\/football\/coupe-du-monde-des-clubs\/mercato-pourquoi-la-juventus-turin-est-optimiste-pour-conserver-randal-kolo-muani-la-saison-prochaine-10-06-2025-PUHRL3ACVZG5BGOIJ5HUHBCHNM.php\" target=\"_blank\" rel=\"nofollow noopener\">\u00e0 la sortie de la Coupe du monde des clubs. <\/a>Totalement relanc\u00e9 apr\u00e8s six mois convaincants \u00e0 Turin (10 buts, 2 passes d\u00e9cisives), <a href=\"https:\/\/www.leparisien.fr\/sports\/football\/randal-kolo-muani\/\" target=\"_blank\" rel=\"nofollow noopener\">Randal Kolo\u00a0Muani<\/a> s\u2019\u00e9tait rapidement positionn\u00e9 en faveur d\u2019un transfert d\u00e9finitif dans le Pi\u00e9mont. \u00ab\u00a0Je suis tr\u00e8s content \u00e0 la Juventus, j\u2019esp\u00e8re continuer l\u00e0-bas, ils m\u2019ont bien accueilli, je prends du plaisir\u00a0\u00bb, avait confi\u00e9 l\u2019attaquant des Bleus apr\u00e8s le match contre l\u2019Allemagne (2-0), d\u00e9but juin.<\/p>\n<p class=\"paragraph text_align_left lp-f-body-02\">Mais pr\u00e8s de deux mois plus tard, l\u2019affaire n\u2019est toujours pas r\u00e9gl\u00e9e et vire m\u00eame au feuilleton apr\u00e8s la prise de parole du directeur g\u00e9n\u00e9ral turinois Damien Comolli ce jeudi.<\/p>\n<p class=\"paragraph text_align_left lp-f-body-02\">\u00ab\u00a0Kolo Muani veut revenir et jouer pour la Juventus, nous y travaillons\u00a0\u00bb, a assur\u00e9 l\u2019ancien patron du T\u00e9f\u00e9c\u00e9 dans des propos rapport\u00e9s par Sky Sports. Et d\u2019ajouter\u00a0: \u00ab\u00a0Nous avons David et Vlahovic comme attaquants, nous ne sommes pas inquiets. Nous discutons avec le PSG, rien ne presse\u2026\u00a0\u00bb<\/p>\n<p class=\"paragraph text_align_left lp-f-body-02\">Une chose est s\u00fbre\u00a0: le buteur de 26\u00a0ans n\u2019entre plus du tout dans les plans de Luis Enrique et s\u2019attend donc \u00e0 quitter Paris o\u00f9 son contrat se termine en 2028.<\/p>\n<p class=\"paragraph text_align_left lp-f-body-02\">Depuis le d\u00e9but de l\u2019\u00e9t\u00e9, plusieurs offres de pr\u00eat avec option d\u2019achat obligatoire ont \u00e9t\u00e9 transmises par la Juventus, mais le club parisien, qui l\u2019avait recrut\u00e9 <a href=\"https:\/\/www.leparisien.fr\/sports\/football\/psg\/les-gens-diront-que-cetait-un-bon-prix-randal-kolo-muani-defend-le-montant-de-son-transfert-au-psg-09-02-2024-UIBNEMLZWVBWBAP36GRQWBCSGA.php\" target=\"_blank\" rel=\"noreferrer nofollow noopener\">pour 90\u00a0M\u20ac bonus compris<\/a> \u00e0 Francfort \u00e0 l\u2019\u00e9t\u00e9 2023, les a toutes repouss\u00e9es et r\u00e9clame un transfert ou, plus raisonnable, qu\u2019une grande partie du pr\u00eat soit pay\u00e9e d\u00e8s maintenant pour profiter de la bonne cote qu\u2019il garde sur le march\u00e9. \u00c0 ce stade, les positions des deux clubs restent \u00e9loign\u00e9es et la posture prise par la Juve commence \u00e0 crisper les dirigeants du PSG qui esp\u00e9raient boucler l\u2019affaire bien plus t\u00f4t.<\/p>\n<p>La Premier League \u00e0 l\u2019aff\u00fbt<\/p>\n<p class=\"paragraph text_align_left lp-f-body-02\">Entre le joueur et le club italien, les discussions avancent bon train, mais contrairement aux informations parues dans la presse transalpine, il n\u2019y aurait toujours pas d\u2019accord contractuel. En parall\u00e8le, et <a href=\"https:\/\/www.leparisien.fr\/sports\/football\/ligue-1\/mercato-psg-de-retour-a-paris-randal-kolo-muani-va-repartir-oui-mais-ou-22-07-2025-6WKSBAZ62VDBFNLEGEW6RURVMM.php\" target=\"_self\" rel=\"nofollow noopener\">comme nous l\u2019annoncions la semaine derni\u00e8re<\/a>, les clubs anglais restent \u00e0 l\u2019aff\u00fbt d\u2019une situation qui pourrait se tendre un peu plus dans les prochains jours si personne ne fait un pas vers l\u2019autre.<\/p>\n<p class=\"paragraph text_align_left lp-f-body-02\">Manchester United continue, en effet, de suivre l\u2019ancien Nantais, au m\u00eame titre que Newcastle et, surtout, Tottenham qui souhaitait d\u00e9j\u00e0 l\u2019engager l\u2019hiver dernier. Les Spurs ont investi <a href=\"https:\/\/www.leparisien.fr\/sports\/football\/mercato-lattaquant-mathys-tel-va-bien-signer-a-tottenham-03-02-2025-Y6SLJER56NDGXJRMOVNA3HK43Y.php\" target=\"_self\" rel=\"nofollow noopener\">beaucoup d\u2019argent sur Mohammed Kudus et Mathys Tel <\/a>mais ils pourraient encore se renforcer devant. En attendant que la situation se d\u00e9cante, Randal Kolo\u00a0Muani a fait son retour comme si de rien n\u2019\u00e9tait \u00e0 Paris la semaine derni\u00e8re pour reprendre l\u2019entra\u00eenement avec les Espoirs du club de la capitale. Il ne devrait pas y rester bien longtemps\u2026<\/p>\n","protected":false},"excerpt":{"rendered":"C\u2019est un dossier que l\u2019on imaginait r\u00e9gl\u00e9 \u00e0 la sortie de la Coupe du monde des clubs. Totalement&hellip;\n","protected":false},"author":2,"featured_media":289611,"comment_status":"","ping_status":"","sticky":false,"template":"","format":"standard","meta":{"footnotes":""},"categories":[1888],"tags":[1111,1928,11,1927,1777,674,63,1011,27,12,1926,626,1925,93,25,60],"class_list":{"0":"post-289610","1":"post","2":"type-post","3":"status-publish","4":"format-standard","5":"has-post-thumbnail","7":"category-paris","8":"tag-actu","9":"tag-actu-paris","10":"tag-actualites","11":"tag-actualites-paris","12":"tag-eu","13":"tag-europe","14":"tag-football","15":"tag-fr","16":"tag-france","17":"tag-news","18":"tag-news-paris","19":"tag-paris","20":"tag-paris-news","21":"tag-psg","22":"tag-republique-francaise","23":"tag-sports"},"share_on_mastodon":{"url":"https:\/\/pubeurope.com\/@fr\/114954932343623076","error":""},"_links":{"self":[{"href":"https:\/\/www.europesays.com\/fr\/wp-json\/wp\/v2\/posts\/289610","targetHints":{"allow":["GET"]}}],"collection":[{"href":"https:\/\/www.europesays.com\/fr\/wp-json\/wp\/v2\/posts"}],"about":[{"href":"https:\/\/www.europesays.com\/fr\/wp-json\/wp\/v2\/types\/post"}],"author":[{"embeddable":true,"href":"https:\/\/www.europesays.com\/fr\/wp-json\/wp\/v2\/users\/2"}],"replies":[{"embeddable":true,"href":"https:\/\/www.europesays.com\/fr\/wp-json\/wp\/v2\/comments?post=289610"}],"version-history":[{"count":0,"href":"https:\/\/www.europesays.com\/fr\/wp-json\/wp\/v2\/posts\/289610\/revisions"}],"wp:featuredmedia":[{"embeddable":true,"href":"https:\/\/www.europesays.com\/fr\/wp-json\/wp\/v2\/media\/289611"}],"wp:attachment":[{"href":"https:\/\/www.europesays.com\/fr\/wp-json\/wp\/v2\/media?parent=289610"}],"wp:term":[{"taxonomy":"category","embeddable":true,"href":"https:\/\/www.europesays.com\/fr\/wp-json\/wp\/v2\/categories?post=289610"},{"taxonomy":"post_tag","embeddable":true,"href":"https:\/\/www.europesays.com\/fr\/wp-json\/wp\/v2\/tags?post=289610"}],"curies":[{"name":"wp","href":"https:\/\/api.w.org\/{rel}","templated":true}]}}