{"id":289612,"date":"2025-08-01T18:30:11","date_gmt":"2025-08-01T18:30:11","guid":{"rendered":"https:\/\/www.europesays.com\/fr\/289612\/"},"modified":"2025-08-01T18:30:11","modified_gmt":"2025-08-01T18:30:11","slug":"ils-recoltent-17-83497e-contre-le-cancer-dans-loise-un-record","status":"publish","type":"post","link":"https:\/\/www.europesays.com\/fr\/289612\/","title":{"rendered":"Ils r\u00e9coltent 17 834,97\u20ac contre le cancer dans l&rsquo;Oise, un record"},"content":{"rendered":"<p>            Par<br \/>\n        <strong><br \/>\n            <a href=\"https:\/\/actu.fr\/auteur\/redaction-impartial\" title=\"Consulter tous les articles de R\u00e9daction L&#039;Impartial\" rel=\"nofollow noopener\" target=\"_blank\">R\u00e9daction L&rsquo;Impartial<\/a><br \/>\n        <\/strong><\/p>\n<p>        Publi\u00e9 le<\/p>\n<p>            1 ao\u00fbt 2025 \u00e0 19h30        <\/p>\n<p>Ils encha\u00eenent les records\u2026<\/p>\n<p class=\" wall-content\">La soixantaine de b\u00e9n\u00e9voles qui s\u2019est investie pour la collecte de dons contre le cancer \u00e0 <a href=\"https:\/\/actu.fr\/hauts-de-france\/chaumont-en-vexin_60143\" rel=\"nofollow noopener\" target=\"_blank\">Chaumont-en-Vexin<\/a> (<a href=\"https:\/\/actu.fr\/l-impartial\/\" rel=\"nofollow noopener\" target=\"_blank\">Oise<\/a>) et sa r\u00e9gion peuvent avoir le sentiment du devoir accompli.<\/p>\n<p class=\" wall-content\">Gr\u00e2ce \u00e0 la g\u00e9n\u00e9rosit\u00e9 des donateurs, l\u2019op\u00e9ration \u00ab Une jonquille contre le cancer \u00bb a permis de collecter pas moins de 17 834,97\u20ac, pulv\u00e9risant le pr\u00e9c\u00e9dent record \u00e9tabli en 2024 \u00e0 10 584,60\u20ac.<\/p>\n<p>Nombreux partenaires<\/p>\n<p class=\" wall-content\">Jocelyne D\u00e9tr\u00e9e, organisatrice de l\u2019op\u00e9ration, a remis en personne peu avant l\u2019\u00e9t\u00e9 au sein de la maire de Chaumont-en-Vexin et en pr\u00e9sence de la maire Emmanuelle Lamarque, un ch\u00e8que \u00e0 Tatiana Lombardi, repr\u00e9sentante de l\u2019institut Curie, b\u00e9n\u00e9ficiaire des dons.<\/p>\n<p>Vid\u00e9os : en ce moment sur Actu<\/p>\n<p class=\" wall-content\">En plus des b\u00e9n\u00e9voles tr\u00e8s actifs, le succ\u00e8s de cette \u00e9dition doit beaucoup \u00e0 la vingtaine de partenaires qui ont permis la tenue des stands de vente de jonquilles et de goodies mais aussi de nombreux \u00e9v\u00e9nements (course au sein du centre de r\u00e9\u00e9ducation L\u00e9opold Bellan, concert au sein de l\u2019h\u00f4pital Bertinot-Juel\u2026) avec la chorale les m\u00e9lodies\u2026<\/p>\n<p class=\" wall-content\">Jocelyne D\u00e9tr\u00e9e a tenu \u00e0 adresser des remerciements sp\u00e9cifiques au fournisseur officiel de l\u2019op\u00e9ration caritative.<\/p>\n<blockquote class=\"ac-article-quote wall-content\">\n<p>\u00ab Cette action a lieu depuis 2016 en partenariat avec Leray fleurs qui nous fournit chaque ann\u00e9e les jonquilles. un grand merci \u00e0 eux et aux nombreux donateurs \u00bb.<\/p>\n<\/blockquote>\n<p class=\" wall-content\">Tous les b\u00e9n\u00e9voles se sont d\u00e9j\u00e0 donn\u00e9 rendez-vous pour la prochaine \u00e9dition qui cherchera une nouvelle fois \u00e0 battre son propre record de dons.<\/p>\n<p class=\" wall-content\">Suivez toute l\u2019actualit\u00e9 de vos villes et m\u00e9dias favoris en vous inscrivant \u00e0 <a href=\"https:\/\/moncompte.actu.fr\" title=\"D\u00e9couvez Mon Actu\" rel=\"nofollow noopener\" data-trk=\"{&quot;cta&quot;:{&quot;action&quot;:&quot;https:\\\/\\\/moncompte.actu.fr&quot;,&quot;category&quot;:&quot;mon compte&quot;,&quot;from&quot;:&quot;article footer&quot;,&quot;name&quot;:&quot;Mon actu&quot;,&quot;type&quot;:&quot;cta&quot;}}\" target=\"_blank\">Mon Actu<\/a>.<\/p>\n","protected":false},"excerpt":{"rendered":"Par R\u00e9daction L&rsquo;Impartial Publi\u00e9 le 1 ao\u00fbt 2025 \u00e0 19h30 Ils encha\u00eenent les records\u2026 La soixantaine de b\u00e9n\u00e9voles&hellip;\n","protected":false},"author":2,"featured_media":289613,"comment_status":"","ping_status":"","sticky":false,"template":"","format":"standard","meta":{"footnotes":""},"categories":[1888],"tags":[11,10263,101,1777,674,1011,27,12,626,25,71,104],"class_list":{"0":"post-289612","1":"post","2":"type-post","3":"status-publish","4":"format-standard","5":"has-post-thumbnail","7":"category-paris","8":"tag-actualites","9":"tag-benevolat","10":"tag-cancer","11":"tag-eu","12":"tag-europe","13":"tag-fr","14":"tag-france","15":"tag-news","16":"tag-paris","17":"tag-republique-francaise","18":"tag-sante","19":"tag-societe"},"share_on_mastodon":{"url":"https:\/\/pubeurope.com\/@fr\/114954936259799123","error":""},"_links":{"self":[{"href":"https:\/\/www.europesays.com\/fr\/wp-json\/wp\/v2\/posts\/289612","targetHints":{"allow":["GET"]}}],"collection":[{"href":"https:\/\/www.europesays.com\/fr\/wp-json\/wp\/v2\/posts"}],"about":[{"href":"https:\/\/www.europesays.com\/fr\/wp-json\/wp\/v2\/types\/post"}],"author":[{"embeddable":true,"href":"https:\/\/www.europesays.com\/fr\/wp-json\/wp\/v2\/users\/2"}],"replies":[{"embeddable":true,"href":"https:\/\/www.europesays.com\/fr\/wp-json\/wp\/v2\/comments?post=289612"}],"version-history":[{"count":0,"href":"https:\/\/www.europesays.com\/fr\/wp-json\/wp\/v2\/posts\/289612\/revisions"}],"wp:featuredmedia":[{"embeddable":true,"href":"https:\/\/www.europesays.com\/fr\/wp-json\/wp\/v2\/media\/289613"}],"wp:attachment":[{"href":"https:\/\/www.europesays.com\/fr\/wp-json\/wp\/v2\/media?parent=289612"}],"wp:term":[{"taxonomy":"category","embeddable":true,"href":"https:\/\/www.europesays.com\/fr\/wp-json\/wp\/v2\/categories?post=289612"},{"taxonomy":"post_tag","embeddable":true,"href":"https:\/\/www.europesays.com\/fr\/wp-json\/wp\/v2\/tags?post=289612"}],"curies":[{"name":"wp","href":"https:\/\/api.w.org\/{rel}","templated":true}]}}