{"id":289615,"date":"2025-08-01T18:32:12","date_gmt":"2025-08-01T18:32:12","guid":{"rendered":"https:\/\/www.europesays.com\/fr\/289615\/"},"modified":"2025-08-01T18:32:12","modified_gmt":"2025-08-01T18:32:12","slug":"guerre-en-ukraine-pourquoi-donald-trump-a-ordonne-lenvoi-de-deux-sous-marins-nucleaires-a-proximite-de-la-russie","status":"publish","type":"post","link":"https:\/\/www.europesays.com\/fr\/289615\/","title":{"rendered":"Guerre en Ukraine\u00a0: pourquoi Donald Trump a ordonn\u00e9 l\u2019envoi de deux sous-marins nucl\u00e9aires \u00e0 proximit\u00e9 de la Russie\u00a0?"},"content":{"rendered":"<p>\n                                                                    l&rsquo;essentiel<br \/>\n                                                                Sur son r\u00e9seau Truth Social, le Pr\u00e9sident am\u00e9ricain a annonc\u00e9 avoir ordonn\u00e9 le positionnement de deux sous-marins nucl\u00e9aires \u00ab\u00a0dans les zones appropri\u00e9es\u00a0\u00bb, suite \u00e0 des commentaires russes jug\u00e9s \u00ab\u00a0provocateurs\u00a0\u00bb.\n                            <\/p>\n<p><a href=\"https:\/\/www.ladepeche.fr\/actu\/etats-unis\/donald-trump\/\" target=\"_self\" rel=\"nofollow noopener\">Donald Trump<\/a> a annonc\u00e9 vendredi 1er\u00a0ao\u00fbt sur son r\u00e9seau Truth Social avoir ordonn\u00e9 que \u00ab\u00a0deux sous-marins nucl\u00e9aires soient positionn\u00e9s dans les zones appropri\u00e9es\u00a0\u00bb apr\u00e8s des commentaires jug\u00e9s \u00ab\u00a0provocateurs\u00a0\u00bb de l\u2019ancien pr\u00e9sident russe Dmitri Medvedev.<\/p>\n<p class=\"std-elt__inline\">\n        <strong>\u00c0 lire aussi :<\/strong><br \/>\n        <a href=\"https:\/\/www.ladepeche.fr\/2025\/08\/01\/direct-guerre-en-ukraine-donald-trump-juge-ecoeurante-la-derniere-vague-de-frappes-russes-sur-kiev-qui-a-fait-26-morts-12855478.php\" rel=\"nofollow noopener\" target=\"_blank\">DIRECT. Guerre en Ukraine\u00a0: \u200b\u200b\u200b\u200b\u200b\u200b\u200bTrump ordonne l\u2019envoi de deux sous-marins nucl\u00e9aires en r\u00e9ponse \u00e0 des commentaires \u00ab\u00a0provocateurs\u00a0\u00bb de la Russie<\/a>\n    <\/p>\n<p>\u00ab\u00a0J\u2019ai ordonn\u00e9 que deux sous-marins nucl\u00e9aires soient positionn\u00e9s dans les zones appropri\u00e9es, au cas o\u00f9 ces d\u00e9clarations idiotes et incendiaires soient plus s\u00e9rieuses que cela. Les mots comptent et peuvent souvent avoir des cons\u00e9quences impr\u00e9vues, j\u2019esp\u00e8re que cela ne sera pas le cas cette fois\u00a0\u00bb, a \u00e9crit le pr\u00e9sident am\u00e9ricain.<\/p>\n<p>\u00ab\u00a0Un pas vers la guerre\u00a0\u00bb<\/p>\n<p>Dans un message r\u00e9cent sur X, le dirigeant russe, actuel num\u00e9ro deux du Conseil de s\u00e9curit\u00e9 du pays, avait \u00e9crit que chaque nouvel ultimatum fix\u00e9 par Donald Trump pour mettre fin \u00e0 la guerre en Ukraine \u00ab\u00a0\u00e9tait une menace et un pas vers la guerre\u00a0\u00bb avec les \u00c9tats-Unis.<\/p>\n<p class=\"std-elt__inline\">\n        <strong>\u00c0 lire aussi :<\/strong><br \/>\n        <a href=\"https:\/\/www.ladepeche.fr\/2025\/07\/30\/decryptage-guerre-en-ukraine-poutine-na-pas-peur-de-trump-le-president-americain-peut-il-imposer-une-paix-dans-dix-jours-12850104.php\" rel=\"nofollow noopener\" target=\"_blank\">DECRYPTAGE. Guerre en Ukraine\u00a0: \u00ab\u00a0Poutine n\u2019a pas peur de Trump \u00ab\u00a0\u2026 le pr\u00e9sident am\u00e9ricain peut il imposer une paix dans dix jours ?<\/a>\n    <\/p>\n<p>Donald Trump menace d\u2019imposer de dures <a href=\"https:\/\/www.ladepeche.fr\/2025\/05\/09\/guerre-en-ukraine-sanctions-inflation-galopante-chute-des-prix-du-petrole-leconomie-russe-est-elle-en-train-de-sombrer-12683195.php\" target=\"_self\" rel=\"nofollow noopener\">sanctions \u00e9conomiques contre la Russie<\/a> si son homologue russe Vladimir Poutine ne cesse pas les hostilit\u00e9s en Ukraine d\u2019ici la fin de semaine prochaine. Le pr\u00e9sident am\u00e9ricain envisage en particulier des sanctions dites \u00ab\u00a0secondaires\u00a0\u00bb, c\u2019est-\u00e0-dire inflig\u00e9es aux pays qui ach\u00e8tent notamment du <a href=\"https:\/\/www.ladepeche.fr\/2025\/04\/09\/entretien-guerre-en-ukraine-la-baisse-du-prix-du-petrole-plombe-leffort-de-guerre-de-la-russie-mais-poutine-est-dans-le-temps-long-12624304.php\" target=\"_self\" rel=\"nofollow noopener\">p\u00e9trole russe<\/a>, dans le but de tarir cette source de revenus essentiels pour la machine de guerre russe.<\/p>\n<p>Le r\u00e9publicain de 79 ans avait op\u00e9r\u00e9 peu apr\u00e8s son retour au pouvoir en janvier un rapprochement spectaculaire avec Vladimir Poutine, persuad\u00e9 que sa bonne relation avec le dirigeant russe lui permettrait d\u2019arr\u00eater rapidement la guerre en Ukraine.<\/p>\n<p>Mais alors que les n\u00e9gociations de paix sont dans l\u2019impasse depuis plusieurs mois, la frustration envers le leader du Kremlin\u00a0grandit chez le locataire de la Maison Blanche qui souhaite d\u00e9sormais\u00a0imposer la fin de la guerre par la force.<\/p>\n","protected":false},"excerpt":{"rendered":"l&rsquo;essentiel Sur son r\u00e9seau Truth Social, le Pr\u00e9sident am\u00e9ricain a annonc\u00e9 avoir ordonn\u00e9 le positionnement de deux sous-marins&hellip;\n","protected":false},"author":2,"featured_media":289616,"comment_status":"","ping_status":"","sticky":false,"template":"","format":"standard","meta":{"footnotes":""},"categories":[1591],"tags":[11,1887,12,1885,1886,132],"class_list":{"0":"post-289615","1":"post","2":"type-post","3":"status-publish","4":"format-standard","5":"has-post-thumbnail","7":"category-russie","8":"tag-actualites","9":"tag-federation-de-russie","10":"tag-news","11":"tag-russia","12":"tag-russian-federation","13":"tag-russie"},"share_on_mastodon":{"url":"https:\/\/pubeurope.com\/@fr\/114954944147816900","error":""},"_links":{"self":[{"href":"https:\/\/www.europesays.com\/fr\/wp-json\/wp\/v2\/posts\/289615","targetHints":{"allow":["GET"]}}],"collection":[{"href":"https:\/\/www.europesays.com\/fr\/wp-json\/wp\/v2\/posts"}],"about":[{"href":"https:\/\/www.europesays.com\/fr\/wp-json\/wp\/v2\/types\/post"}],"author":[{"embeddable":true,"href":"https:\/\/www.europesays.com\/fr\/wp-json\/wp\/v2\/users\/2"}],"replies":[{"embeddable":true,"href":"https:\/\/www.europesays.com\/fr\/wp-json\/wp\/v2\/comments?post=289615"}],"version-history":[{"count":0,"href":"https:\/\/www.europesays.com\/fr\/wp-json\/wp\/v2\/posts\/289615\/revisions"}],"wp:featuredmedia":[{"embeddable":true,"href":"https:\/\/www.europesays.com\/fr\/wp-json\/wp\/v2\/media\/289616"}],"wp:attachment":[{"href":"https:\/\/www.europesays.com\/fr\/wp-json\/wp\/v2\/media?parent=289615"}],"wp:term":[{"taxonomy":"category","embeddable":true,"href":"https:\/\/www.europesays.com\/fr\/wp-json\/wp\/v2\/categories?post=289615"},{"taxonomy":"post_tag","embeddable":true,"href":"https:\/\/www.europesays.com\/fr\/wp-json\/wp\/v2\/tags?post=289615"}],"curies":[{"name":"wp","href":"https:\/\/api.w.org\/{rel}","templated":true}]}}