{"id":289619,"date":"2025-08-01T18:34:13","date_gmt":"2025-08-01T18:34:13","guid":{"rendered":"https:\/\/www.europesays.com\/fr\/289619\/"},"modified":"2025-08-01T18:34:13","modified_gmt":"2025-08-01T18:34:13","slug":"la-bourse-de-paris-chute-apres-les-droits-de-douane-de-trump-et-de-mauvais-chiffres-sur-lemploi-americain","status":"publish","type":"post","link":"https:\/\/www.europesays.com\/fr\/289619\/","title":{"rendered":"La Bourse de Paris chute apr\u00e8s les droits de douane de Trump et de mauvais chiffres sur l&#8217;emploi am\u00e9ricain"},"content":{"rendered":"<p>Paris &#8211; La Bourse de Paris a fortement recul\u00e9 vendredi, sous le poids des hausses de droits de douane officialis\u00e9es par Donald Trump aux Etats-Unis et de signes de d\u00e9gradation du march\u00e9 de l\u2019emploi dans la premi\u00e8re \u00e9conomie mondiale.<\/p>\n<p>Le CAC 40 a perdu 2,91% \u00e0 7.546,16 points, en recul de 225,81 points. Sur l\u2019ensemble de la semaine l\u2019indice vedette parisien a recul\u00e9 de 3,68%.<\/p>\n<p>\u00abLes droits de douane et les chiffres moroses de l\u2019emploi aux Etats-Unis p\u00e8sent sur le moral des investisseurs\u00bb, a r\u00e9sum\u00e9 Kathleen Brooks, analyste pour XTB.<\/p>\n<p>Le pr\u00e9sident am\u00e9ricain Donald Trump a sign\u00e9 jeudi le d\u00e9cret fixant le montant des nouveaux droits de douane qui toucheront plusieurs dizaines de pays, allant de 10% \u00e0 41%, bousculant l\u2019ordre \u00e9conomique mondial.<\/p>\n<p>Les produits de l\u2019Union europ\u00e9enne (UE), du Japon et de Cor\u00e9e du Sud seront tax\u00e9s \u00e0 hauteur de 15%, ceux du Royaume-Uni \u00e0 10%. L\u2019Indon\u00e9sie est \u00e0 19%, le Vietnam et Ta\u00efwan subissent des surtaxes de 20%.<\/p>\n<p>Le Canada voit les droits de douane appliqu\u00e9s \u00e0 ses produits passer finalement de 25% \u00e0 35%, sauf s\u2019ils sont couverts par l\u2019accord de libre-\u00e9change entre les trois pays d\u2019Am\u00e9rique du Nord.<\/p>\n<p>Pour d\u2019autres pays, la douche est encore plus froide, comme la Suisse qui \u00e9cope d\u2019une surtaxe de 39%, encore davantage que ce qui avait \u00e9t\u00e9 mentionn\u00e9 en avril (31%).<\/p>\n<p>Ces annonces provoquent \u00abune inqui\u00e9tude croissante sur les march\u00e9s\u00bb, d\u2019autant qu&rsquo;\u00e0 \u00abtout moment, Trump peut revenir dessus\u00bb, explique \u00e0 l\u2019AFP Christopher Dembik, conseiller en investissement pour Pictet AM.<\/p>\n<p>A cela s\u2019est ajout\u00e9e, \u00e0 la mi-s\u00e9ance, la publication d\u2019un rapport sur l\u2019emploi aux Etats-Unis, premi\u00e8re \u00e9conomie mondiale, qui a fait \u00e9tat d\u2019une d\u00e9gradation du march\u00e9 du travail dans le pays, faisant craindre un ralentissement \u00e9conomique.<\/p>\n<p>Le taux de ch\u00f4mage est en progression \u00e0 4,2% en juillet, contre 4,1% le mois pr\u00e9c\u00e9dent, selon des donn\u00e9es officielles publi\u00e9es vendredi. La premi\u00e8re \u00e9conomie mondiale a cr\u00e9\u00e9 73.000 emplois en juillet, moins qu\u2019attendu.<\/p>\n<p>Surtout, les cr\u00e9ations d\u2019emplois pendant les mois de mai et de juin ont \u00e9t\u00e9 fortement r\u00e9vis\u00e9es \u00e0 la baisse. Les chiffres corrig\u00e9s (19.000 en mai et 14.000 en juin) s\u2019affichent ainsi au plus bas depuis la pand\u00e9mie de Covid-19. <\/p>\n<p>Cette publication \u00abcontredit le discours sur la r\u00e9silience de l&rsquo;\u00e9conomie am\u00e9ricaine\u00bb face \u00e0 la politique protectionniste de Donald Trump, rel\u00e8ve Kathleen Brooks.<\/p>\n<p>Enfin, les investisseurs parisiens ont d\u00fb dig\u00e9rer plusieurs r\u00e9sultats d\u00e9cevants.<\/p>\n<p>Teleperformance d\u00e9gringole<\/p>\n<p>Le g\u00e9ant mondial des centres d\u2019appels Teleperformance a plong\u00e9 de 20,65% \u00e0 68,02 euros, au lendemain de la publication de ses r\u00e9sultats du premier semestre faisant \u00e9tat d\u2019une nette baisse de son b\u00e9n\u00e9fice.<\/p>\n<p>Axa \u00e0 la peine<\/p>\n<p>L\u2019assureur Axa a chut\u00e9 de 7,85% \u00e0 39,33 euros, apr\u00e8s la publication d\u2019un b\u00e9n\u00e9fice net en repli de 2% sur le premier semestre.<\/p>\n<p>Profits en baisse pour Saint-Gobain<\/p>\n<p>Le g\u00e9ant fran\u00e7ais des mat\u00e9riaux de construction Saint-Gobain (-9,29% \u00e0 90,98 euros) a annonc\u00e9 jeudi une baisse de 1,9% de son b\u00e9n\u00e9fice net au premier semestre, li\u00e9e \u00e0 une hausse des imp\u00f4ts sur les r\u00e9sultats.<\/p>\n<p>Engie sans \u00e9nergie<\/p>\n<p>L\u2019action du groupe d&rsquo;\u00e9nergie Engie a c\u00e9d\u00e9 2,45% \u00e0 19,15 euros. Sur le premier semestre 2025, l\u2019entreprise a d\u00e9gag\u00e9 un b\u00e9n\u00e9fice net r\u00e9current en repli de 19% \u00e0 3,1 milliards d\u2019euros.<\/p>\n<p>\u00a9 Agence France-Presse<\/p>\n","protected":false},"excerpt":{"rendered":"Paris &#8211; La Bourse de Paris a fortement recul\u00e9 vendredi, sous le poids des hausses de droits de&hellip;\n","protected":false},"author":2,"featured_media":186401,"comment_status":"","ping_status":"","sticky":false,"template":"","format":"standard","meta":{"footnotes":""},"categories":[1589],"tags":[11,73,1866,12,1864,1865,1863,308],"class_list":{"0":"post-289619","1":"post","2":"type-post","3":"status-publish","4":"format-standard","5":"has-post-thumbnail","7":"category-etats-unis","8":"tag-actualites","9":"tag-etats-unis","10":"tag-etats-unis-damerique","11":"tag-news","12":"tag-united-states","13":"tag-united-states-of-america","14":"tag-us","15":"tag-usa"},"share_on_mastodon":{"url":"https:\/\/pubeurope.com\/@fr\/114954951982308551","error":""},"_links":{"self":[{"href":"https:\/\/www.europesays.com\/fr\/wp-json\/wp\/v2\/posts\/289619","targetHints":{"allow":["GET"]}}],"collection":[{"href":"https:\/\/www.europesays.com\/fr\/wp-json\/wp\/v2\/posts"}],"about":[{"href":"https:\/\/www.europesays.com\/fr\/wp-json\/wp\/v2\/types\/post"}],"author":[{"embeddable":true,"href":"https:\/\/www.europesays.com\/fr\/wp-json\/wp\/v2\/users\/2"}],"replies":[{"embeddable":true,"href":"https:\/\/www.europesays.com\/fr\/wp-json\/wp\/v2\/comments?post=289619"}],"version-history":[{"count":0,"href":"https:\/\/www.europesays.com\/fr\/wp-json\/wp\/v2\/posts\/289619\/revisions"}],"wp:featuredmedia":[{"embeddable":true,"href":"https:\/\/www.europesays.com\/fr\/wp-json\/wp\/v2\/media\/186401"}],"wp:attachment":[{"href":"https:\/\/www.europesays.com\/fr\/wp-json\/wp\/v2\/media?parent=289619"}],"wp:term":[{"taxonomy":"category","embeddable":true,"href":"https:\/\/www.europesays.com\/fr\/wp-json\/wp\/v2\/categories?post=289619"},{"taxonomy":"post_tag","embeddable":true,"href":"https:\/\/www.europesays.com\/fr\/wp-json\/wp\/v2\/tags?post=289619"}],"curies":[{"name":"wp","href":"https:\/\/api.w.org\/{rel}","templated":true}]}}