{"id":289620,"date":"2025-08-01T18:35:16","date_gmt":"2025-08-01T18:35:16","guid":{"rendered":"https:\/\/www.europesays.com\/fr\/289620\/"},"modified":"2025-08-01T18:35:16","modified_gmt":"2025-08-01T18:35:16","slug":"droits-de-douane-le-royaume-uni-a-t-il-vraiment-arrache-a-trump-un-bien-meilleur-accord-que-leurope","status":"publish","type":"post","link":"https:\/\/www.europesays.com\/fr\/289620\/","title":{"rendered":"Droits de douane : le Royaume-Uni a-t-il vraiment arrach\u00e9 \u00e0 Trump un bien meilleur accord que l\u2019Europe ?"},"content":{"rendered":"<p>        <a class=\"Link \" href=\"https:\/\/www.lopinion.fr\/economie\/les-droits-de-douane-de-donald-trump-chahutent-les-bourses\" data-cms-ai=\"0\" rel=\"nofollow noopener\" target=\"_blank\">Les droits de douane de Donald Trump chahutent les Bourses<\/a><\/p>\n<p>l&rsquo;Opinion (avec AFP)<\/p>\n<p>Washington &#8211; L\u2019officialisation des nouveaux droits de douane am\u00e9ricains a fait passer vendredi les Bourses mondiales dans le rouge, m\u00eame si le report de leur application au 7 ao\u00fbt conduit plusieurs pays \u00e0 n\u00e9gocier jusqu\u2019au dernier moment avec Donald Trump pour \u00e9viter des surtaxes trop importantes. En souhaitant \u00abrestructurer le commerce mondial au b\u00e9n\u00e9fice des salari\u00e9s am\u00e9ricains\u00bb par des droits de douane allant de 10% \u00e0 41% \u00e0 l\u2019encontre de quelque 70 partenaires commerciaux, Washington plonge une nouvelle fois l&rsquo;\u00e9conomie mondiale dans une grande incertitude. Si certains pays asiatiques se f\u00e9licitent des accords trouv\u00e9s, d\u2019autres, du Canada \u00e0 la Suisse, sont encore sous le choc de ces nouvelles barri\u00e8res commerciales parfois prohibitives. Les march\u00e9s financiers ont mal r\u00e9agi vendredi \u00e0 cette nouvelle donne. En Europe, les grandes places reculent, avec les entreprises pharmaceutiques dans le rouge. Vers 11H40 GMT, la Bourse de Paris perdait 2,17%, Francfort c\u00e9dait 1,85%, Londres 0,60% et Milan 1,86%. En Asie, si les places chinoises et japonaises \u00e9taient en faible baisse, la Bourse de S\u00e9oul a accus\u00e9 un repli de 3,88%. A Wall Street, les contrats \u00e0 terme des trois principaux indices laissaient pr\u00e9sager d\u2019une ouverture en nette baisse. Donald Trump, partisan d\u2019un protectionnisme d\u00e9complex\u00e9, a sign\u00e9 jeudi soir le d\u00e9cret d\u2019application en accordant un r\u00e9pit de quelques jours. Ces nouvelles taxes sur les importations prendront effet, pour l\u2019essentiel des pays, le 7 ao\u00fbt, et non ce vendredi 1er ao\u00fbt comme attendu initialement, afin de permettre aux douanes de s\u2019organiser pour leur collecte, assure la Maison-Blanche. Mais ce report offre une fen\u00eatre pour d\u2019ultimes pourparlers, veulent croire plusieurs pays. Exemption pour des secteurs cl\u00e9s L\u2019Afrique du Sud est ainsi engag\u00e9e dans des \u00abn\u00e9gociations intensives\u00bb, a d\u00e9clar\u00e9 son pr\u00e9sident Cyril Ramaphosa, face aux 30% impos\u00e9s par Washington \u00e0 son pays qui menacent, selon la banque centrale, 100.000 emplois. Ta\u00efwan, avec son industrie des puces \u00e9lectroniques, est frapp\u00e9 d\u2019une surtaxe de 20% mais \u00abs\u2019efforcera d\u2019obtenir un niveau raisonnable de droits de douane\u00bb, a d\u00e9clar\u00e9 son pr\u00e9sident Lai Ching-te. La Suisse a elle \u00e9t\u00e9 surprise par une surtaxe de 39% sur ses produits import\u00e9s aux \u00c9tats-Unis, un chiffre bien sup\u00e9rieur \u00e0 celui qui frappe l\u2019Union europ\u00e9enne. Son gouvernement, malgr\u00e9 son \u00abgrand regret\u00bb, \u00abaspire toujours \u00e0 trouver une solution n\u00e9goci\u00e9e\u00bb. Pour d\u2019autres pays, pas de surprise. La surtaxe affich\u00e9e dans le d\u00e9cret est celle obtenue apr\u00e8s des mois de n\u00e9gociations avec Washington qui a cherch\u00e9 \u00e0 obtenir d\u2019eux le plus de concessions possibles, sans subir de repr\u00e9sailles. L\u2019Union europ\u00e9enne (UE), le Japon ou la Cor\u00e9e du Sud voient ainsi leurs produits tax\u00e9s \u00e0 hauteur de 15%, et le Royaume-Uni de 10%. L\u2019UE a aussi obtenu une exemption pour des secteurs cl\u00e9s, mais d\u2019autres surtaxes restent en place. Avant l\u2019arriv\u00e9e de Donald Trump au pouvoir, les biens europ\u00e9ens \u00e9taient tax\u00e9s en moyenne \u00e0 4,8%. Mesure politique De nombreux secteurs s\u2019inqui\u00e8tent. En Allemagne, celui de la bi\u00e8re, d\u00e9j\u00e0 en perte de vitesse, craint pour ses exportations, qui repr\u00e9sentent pr\u00e8s d\u2019un cinqui\u00e8me des ventes. En France, la fili\u00e8re viticole, qui anticipe jusqu&rsquo;\u00e0 un milliard d\u2019euros de perte en chiffre d\u2019affaires, \u00abesp\u00e8re pouvoir b\u00e9n\u00e9ficier d\u2019une exemption\u00bb, a d\u00e9clar\u00e9 Jean-Marie Fabre, l\u2019un de ses repr\u00e9sentants. La Chine, en n\u00e9gociations avec les \u00c9tats-Unis pour prolonger leur tr\u00eave commerciale courant jusqu\u2019au 12 ao\u00fbt, a d\u00e9nonc\u00e9 vendredi un protectionnisme qui nuit \u00e0 \u00abtoutes les parties\u00bb. Le Mexique a de son c\u00f4t\u00e9 obtenu un sursis de 90 jours avant une \u00e9ventuelle augmentation de droits de douane. Ces droits de douane sont aussi un moyen de pression politique pour Donald Trump. Le Br\u00e9sil, coupable aux yeux de Donald Trump de poursuivre en justice son alli\u00e9 d\u2019extr\u00eame droite, l\u2019ancien pr\u00e9sident Jair Bolsonaro, va voir ses produits entrant aux \u00c9tats-Unis tax\u00e9 \u00e0 50%. Quant au Canada, le voisin et alli\u00e9 de Washington, il a appris jeudi soir que les droits de douane appliqu\u00e9s \u00e0 ses produits allaient passer de 25% \u00e0 35% d\u00e8s ce vendredi, sauf s\u2019ils sont couverts par l\u2019accord de libre-\u00e9change entre les trois pays d\u2019Am\u00e9rique du Nord. Donald Trump avait affirm\u00e9 jeudi que l\u2019intention affich\u00e9e par Ottawa de reconna\u00eetre l\u2019Etat de Palestine rendait \u00abtr\u00e8s difficile\u00bb la conclusion d\u2019un accord commercial. Certains semblent n\u00e9anmoins satisfaits des accords conclut, comme le Bangladesh, la Malaisie ou la Tha\u00eflande, o\u00f9 le gouvernement parle d\u2019une \u00abapproche gagnant-gagnant\u00bb. Ulysse BELLIER \u00a9 Agence France-Presse<\/p>\n","protected":false},"excerpt":{"rendered":"Les droits de douane de Donald Trump chahutent les Bourses l&rsquo;Opinion (avec AFP) Washington &#8211; L\u2019officialisation des nouveaux&hellip;\n","protected":false},"author":2,"featured_media":289621,"comment_status":"","ping_status":"","sticky":false,"template":"","format":"standard","meta":{"footnotes":""},"categories":[1588],"tags":[11,1777,674,12,473,1853,1851,1850,1852],"class_list":{"0":"post-289620","1":"post","2":"type-post","3":"status-publish","4":"format-standard","5":"has-post-thumbnail","7":"category-royaume-uni","8":"tag-actualites","9":"tag-eu","10":"tag-europe","11":"tag-news","12":"tag-royaume-uni","13":"tag-royaume-uni-de-grande-bretagne-et-dirlande-du-nord","14":"tag-uk","15":"tag-united-kingdom","16":"tag-united-kingdom-of-great-britain-and-northern-ireland"},"share_on_mastodon":{"url":"https:\/\/pubeurope.com\/@fr\/114954955938596592","error":""},"_links":{"self":[{"href":"https:\/\/www.europesays.com\/fr\/wp-json\/wp\/v2\/posts\/289620","targetHints":{"allow":["GET"]}}],"collection":[{"href":"https:\/\/www.europesays.com\/fr\/wp-json\/wp\/v2\/posts"}],"about":[{"href":"https:\/\/www.europesays.com\/fr\/wp-json\/wp\/v2\/types\/post"}],"author":[{"embeddable":true,"href":"https:\/\/www.europesays.com\/fr\/wp-json\/wp\/v2\/users\/2"}],"replies":[{"embeddable":true,"href":"https:\/\/www.europesays.com\/fr\/wp-json\/wp\/v2\/comments?post=289620"}],"version-history":[{"count":0,"href":"https:\/\/www.europesays.com\/fr\/wp-json\/wp\/v2\/posts\/289620\/revisions"}],"wp:featuredmedia":[{"embeddable":true,"href":"https:\/\/www.europesays.com\/fr\/wp-json\/wp\/v2\/media\/289621"}],"wp:attachment":[{"href":"https:\/\/www.europesays.com\/fr\/wp-json\/wp\/v2\/media?parent=289620"}],"wp:term":[{"taxonomy":"category","embeddable":true,"href":"https:\/\/www.europesays.com\/fr\/wp-json\/wp\/v2\/categories?post=289620"},{"taxonomy":"post_tag","embeddable":true,"href":"https:\/\/www.europesays.com\/fr\/wp-json\/wp\/v2\/tags?post=289620"}],"curies":[{"name":"wp","href":"https:\/\/api.w.org\/{rel}","templated":true}]}}