{"id":289622,"date":"2025-08-01T18:36:14","date_gmt":"2025-08-01T18:36:14","guid":{"rendered":"https:\/\/www.europesays.com\/fr\/289622\/"},"modified":"2025-08-01T18:36:14","modified_gmt":"2025-08-01T18:36:14","slug":"des-extremistes-du-royaume-dallemagne-recrutaient-jusquau-luxembourg","status":"publish","type":"post","link":"https:\/\/www.europesays.com\/fr\/289622\/","title":{"rendered":"Des extr\u00e9mistes du royaume d\u2019Allemagne recrutaient jusqu&rsquo;au Luxembourg"},"content":{"rendered":"<p class=\"Paragraph_root__xJSDF Paragraph_default-lg-default__txMNQ articleParagraph\">\u00abOui, dans le pass\u00e9, des personnes ayant des liens avec le royaume d\u2019Allemagne ou d&rsquo;autres groupes de citoyens du Reich ont \u00e9t\u00e9 identifi\u00e9es sur le territoire luxembourgeois\u00bb. Cela fait partie de la r\u00e9ponse tr\u00e8s succincte du Premier ministre Luc Frieden (CSV) \u00e0 une question parlementaire du d\u00e9put\u00e9 D\u00e9i Gr\u00e9ng Meris Sehovic. Il s&rsquo;est appuy\u00e9 sur une enqu\u00eate d&rsquo;investigation de la cha\u00eene de t\u00e9l\u00e9vision allemande <a class=\"LinkText_root__0Tfta annotation-link_annotationLink__nXU8B\" href=\"https:\/\/www.mdr.de\/presse\/exactly-wie-fitzeks-koenigreich-deutschland-zerschlagen-wurde-100.html\" target=\"_blank\" rel=\"nofollow noopener\">MDR<\/a>, qui a r\u00e9v\u00e9l\u00e9 l&rsquo;ampleur du r\u00e9seau des membres du royaume d&rsquo;Allemagne. Selon ce rapport, celui-ci entretenait notamment des liens avec des r\u00e9gions limitrophes, dont le Luxembourg.<\/p>\n<p class=\"Paragraph_root__xJSDF Paragraph_default-lg-default__txMNQ articleParagraph\">Le royaume d&rsquo;Allemagne (\u00abK\u00f6nigreich Deutschland\u00bb en allemand) est une monarchie fantaisiste. Elle a \u00e9t\u00e9 proclam\u00e9e parmi les partisans du mouvement allemand des citoyens du Reich, un groupe extr\u00e9miste qui nie l&rsquo;existence de la R\u00e9publique f\u00e9d\u00e9rale d&rsquo;Allemagne et de son ordre juridique. Les Reichsb\u00fcrger sont class\u00e9s par le service allemand de protection de la Constitution comme \u00e9tant en partie d&rsquo;extr\u00eame droite, antis\u00e9mites et hostiles \u00e0 la d\u00e9mocratie. Les adeptes du \u00ab\u00a0Royaume d&rsquo;Allemagne\u00a0\u00bb ont cr\u00e9\u00e9 par le pass\u00e9 des communaut\u00e9s autarciques dont les membres \u00e9taient parfois lourdement arm\u00e9s et se montraient agressifs. <\/p>\n<p><a href=\"https:\/\/www.virgule.lu\/luxembourg\/un-projet-d-attentat-a-l-eurovision-planifie-depuis-le-luxembourg-fait-des-vagues-aux-pays-bas\/79349855.html\" class=\"RelatedTeaser_related-teaser__awFnD RelatedTeaser_related-teaser--image__oZDce read-more_withImage__1YJa_\" data-article-id=\"79349855\" rel=\"nofollow noopener\" target=\"_blank\"><\/p>\n<p>Lire aussi :Un projet d\u2019attentat \u00e0 l\u2019Eurovision planifi\u00e9 depuis le Luxembourg fait des vagues aux Pays-Bas<\/p>\n<p><\/a><\/p>\n<p class=\"Paragraph_root__xJSDF Paragraph_default-lg-default__txMNQ articleParagraph\">En mai, l&rsquo;association a finalement \u00e9t\u00e9 interdite. Le motif invoqu\u00e9 \u00e9tait le suivant: le groupe a sap\u00e9 l&rsquo;ordre juridique et le monopole de la force de la R\u00e9publique f\u00e9d\u00e9rale d&rsquo;Allemagne avec des structures anti-\u00e9tatiques, criminelles et antis\u00e9mites. Dans le m\u00eame temps, plusieurs objets li\u00e9s \u00e0 l&rsquo;association ont \u00e9t\u00e9 perquisitionn\u00e9s. Le mouvement ne recrutait apparemment pas ses membres uniquement sur le territoire de la R\u00e9publique f\u00e9d\u00e9rale, mais aussi, entre autres, au Luxembourg. <\/p>\n<p class=\"Paragraph_root__xJSDF Paragraph_default-lg-default__txMNQ articleParagraph\">Selon Luc Frieden, seules quelques personnes \u00e9taient impliqu\u00e9es sur le territoire du Grand-Duch\u00e9. Le Premier ministre n&rsquo;a pas r\u00e9pondu \u00e0 la question de Meris Sehovic concernant le nombre exact de personnes. Mais on coop\u00e8re dans cette affaire avec les autorit\u00e9s de poursuite p\u00e9nale allemandes. Alors que le royaume d\u2019Allemagne a \u00e9t\u00e9 interdit, notamment en raison du danger qu&rsquo;il repr\u00e9sentait pour la collectivit\u00e9, Luc Frieden estime qu&rsquo;il n&rsquo;existe actuellement aucune information permettant de conclure que ces personnes repr\u00e9sentent un \u00abdanger pour l&rsquo;ordre public ou la s\u00e9curit\u00e9 int\u00e9rieure au Luxembourg\u00bb. <\/p>\n<p class=\"Paragraph_root__xJSDF Paragraph_default-lg-default__txMNQ articleParagraph\">Cet article a \u00e9t\u00e9 publi\u00e9 initialement\u00a0sur le site du\u00a0<a class=\"LinkText_root__0Tfta annotation-link_annotationLink__nXU8B\" href=\"https:\/\/www.wort.lu\/politik\/koenigreich-deutschland-deutsche-extremisten-rekrutierten-bis-nach-luxemburg\/81292515.html\" target=\"_blank\" rel=\"nofollow noopener\">Luxemburger Wort<\/a>.<\/p>\n<p class=\"Paragraph_root__xJSDF Paragraph_default-lg-default__txMNQ articleParagraph\">Il a \u00e9t\u00e9 traduit \u00e0 l\u2019aide d\u2019outils d\u2019intelligence artificielle qui apprennent \u00e0 partir de donn\u00e9es issues de traductions humaines, puis v\u00e9rifi\u00e9 par Antony Speciale.<\/p>\n","protected":false},"excerpt":{"rendered":"\u00abOui, dans le pass\u00e9, des personnes ayant des liens avec le royaume d\u2019Allemagne ou d&rsquo;autres groupes de citoyens&hellip;\n","protected":false},"author":2,"featured_media":289623,"comment_status":"","ping_status":"","sticky":false,"template":"","format":"standard","meta":{"footnotes":""},"categories":[1587],"tags":[11,672,1804,1805,1803,1777,674,1801,12,1802],"class_list":{"0":"post-289622","1":"post","2":"type-post","3":"status-publish","4":"format-standard","5":"has-post-thumbnail","7":"category-allemagne","8":"tag-actualites","9":"tag-allemagne","10":"tag-bundesrepublik-deutschland","11":"tag-de","12":"tag-deutschland","13":"tag-eu","14":"tag-europe","15":"tag-germany","16":"tag-news","17":"tag-republique-federale-dallemagne"},"share_on_mastodon":{"url":"https:\/\/pubeurope.com\/@fr\/114954959823056319","error":""},"_links":{"self":[{"href":"https:\/\/www.europesays.com\/fr\/wp-json\/wp\/v2\/posts\/289622","targetHints":{"allow":["GET"]}}],"collection":[{"href":"https:\/\/www.europesays.com\/fr\/wp-json\/wp\/v2\/posts"}],"about":[{"href":"https:\/\/www.europesays.com\/fr\/wp-json\/wp\/v2\/types\/post"}],"author":[{"embeddable":true,"href":"https:\/\/www.europesays.com\/fr\/wp-json\/wp\/v2\/users\/2"}],"replies":[{"embeddable":true,"href":"https:\/\/www.europesays.com\/fr\/wp-json\/wp\/v2\/comments?post=289622"}],"version-history":[{"count":0,"href":"https:\/\/www.europesays.com\/fr\/wp-json\/wp\/v2\/posts\/289622\/revisions"}],"wp:featuredmedia":[{"embeddable":true,"href":"https:\/\/www.europesays.com\/fr\/wp-json\/wp\/v2\/media\/289623"}],"wp:attachment":[{"href":"https:\/\/www.europesays.com\/fr\/wp-json\/wp\/v2\/media?parent=289622"}],"wp:term":[{"taxonomy":"category","embeddable":true,"href":"https:\/\/www.europesays.com\/fr\/wp-json\/wp\/v2\/categories?post=289622"},{"taxonomy":"post_tag","embeddable":true,"href":"https:\/\/www.europesays.com\/fr\/wp-json\/wp\/v2\/tags?post=289622"}],"curies":[{"name":"wp","href":"https:\/\/api.w.org\/{rel}","templated":true}]}}