{"id":289624,"date":"2025-08-01T18:37:14","date_gmt":"2025-08-01T18:37:14","guid":{"rendered":"https:\/\/www.europesays.com\/fr\/289624\/"},"modified":"2025-08-01T18:37:14","modified_gmt":"2025-08-01T18:37:14","slug":"les-ventes-annuelles-de-bonduelle-a-la-peine-en-europe-soutenues-aux-etats-unis-01-08-2025-a-2023","status":"publish","type":"post","link":"https:\/\/www.europesays.com\/fr\/289624\/","title":{"rendered":"Les ventes annuelles de Bonduelle \u00e0 la peine en Europe, soutenues aux Etats-Unis &#8211; 01\/08\/2025 \u00e0 20:23"},"content":{"rendered":"<p>        <img fetchpriority=\"high\" decoding=\"async\" src=\"https:\/\/www.europesays.com\/fr\/wp-content\/uploads\/2025\/08\/eee9507d49af8724ce81faea7a83ffa6-760x507.jpg\" alt=\"Produit Bonduelle dans un supermarch\u00e9 de Moscou en mars 2023. ( AFP \/ KIRILL KUDRYAVTSEV )\" loading=\"eager\" width=\"760\" height=\"507\" style=\"max-width: 100%!important; height: auto;\"\/><\/p>\n<p class=\"c-image-news__legend\">Produit Bonduelle dans un supermarch\u00e9 de Moscou en mars 2023. ( AFP \/ KIRILL KUDRYAVTSEV )<\/p>\n<p>\n Le sp\u00e9cialiste fran\u00e7ais des l\u00e9gumes en conserve et surgel\u00e9s Bonduelle a enregistr\u00e9 une l\u00e9g\u00e8re baisse de son chiffre d&rsquo;affaires annuel 2024-2025, la croissance des ventes de repas pr\u00e9par\u00e9s aux \u00c9tats-Unis ayant permis de rattraper une partie des difficult\u00e9s enregistr\u00e9es en Europe, son principal march\u00e9.\n<\/p>\n<p>\n Le groupe, qui poss\u00e8de les marques Bonduelle, Cassegrain et Globus, a publi\u00e9 vendredi un chiffre d&rsquo;affaires en recul de 0,9% lors de son exercice d\u00e9cal\u00e9 2024-2025, clos le 30 juin, par rapport \u00e0 l&rsquo;ann\u00e9e pr\u00e9c\u00e9dente. Il s&rsquo;\u00e9tablit \u00e0 203,8 millions d&rsquo;euros.\n<\/p>\n<p>\n \u00ab\u00a0Malgr\u00e9 un l\u00e9ger repli de l&rsquo;activit\u00e9 sur l&rsquo;exercice, le groupe confirme son objectif de stabilit\u00e9 de la rentabilit\u00e9 op\u00e9rationnelle courante, (&#8230;) gr\u00e2ce \u00e0 la poursuite du redressement des activit\u00e9s nord-am\u00e9ricaines, la bonne tenue des activit\u00e9s en Eurasie et un strict programme de ma\u00eetrise des co\u00fbts\u00a0\u00bb, d\u00e9taille Bonduelle dans son communiqu\u00e9.\n<\/p>\n<p>\n Les ventes en Europe, qui repr\u00e9sentent les deux tiers de son activit\u00e9, ont en effet baiss\u00e9 de 3,9%, malgr\u00e9 le \u00ab\u00a0redressement notable en fin de trimestre\u00a0\u00bb des activit\u00e9s de conserve et surgel\u00e9.\n<\/p>\n<p>\n Bonduelle a \u00e9galement b\u00e9n\u00e9fici\u00e9 de la m\u00e9t\u00e9o estivale en France au printemps et au d\u00e9but de l&rsquo;\u00e9t\u00e9, des conditions \u00ab\u00a0favorables \u00e0 la cat\u00e9gorie des produits traiteur frais\u00a0\u00bb.\n<\/p>\n<p>\n Hors Europe en revanche, la croissance des ventes est de 4,4%, et l&rsquo;ann\u00e9e a \u00e9t\u00e9 marqu\u00e9e par le \u00ab\u00a0retour \u00e0 la croissance\u00a0\u00bb en Am\u00e9rique du Nord (+4,9%), \u00ab\u00a0soutenue par la progression continue des solutions de repas complets (\u00ab\u00a0bowls\u00a0\u00bb) qui affichent une croissance sup\u00e9rieure \u00e0 +10% en volumes comme en valeur, tant sur l&rsquo;ensemble de l&rsquo;exercice que sur le dernier trimestre\u00a0\u00bb, souligne le groupe.\n<\/p>\n<p>\n Par ailleurs, la cession au groupe LSDH (les Crudettes) de ses activit\u00e9s de salades en sachet en Allemagne, annonc\u00e9e le 29 ao\u00fbt 2024, est devenu effectif le 17 juillet 2025. cette activit\u00e9 a repr\u00e9sent\u00e9 en 2024-2025 environ 3,5% du chiffre d&rsquo;affaires du groupe, soit 80 millions d&rsquo;euros.\n<\/p>\n<p>\n Au cours de son pr\u00e9c\u00e9dent exercice fiscal, 2023-2024, Bonduelle, p\u00e2tissant d&rsquo;un \u00ab\u00a0contexte de consommation difficile\u00a0\u00bb, n&rsquo;\u00e9tait pas parvenu \u00e0 atteindre son objectif de ventes annuelles.<\/p>\n","protected":false},"excerpt":{"rendered":"Produit Bonduelle dans un supermarch\u00e9 de Moscou en mars 2023. ( AFP \/ KIRILL KUDRYAVTSEV ) Le sp\u00e9cialiste&hellip;\n","protected":false},"author":2,"featured_media":289625,"comment_status":"","ping_status":"","sticky":false,"template":"","format":"standard","meta":{"footnotes":""},"categories":[1586],"tags":[400,11,398,408,405,1777,674,1011,27,403,402,399,404,12,25,401,406,407],"class_list":{"0":"post-289624","1":"post","2":"type-post","3":"status-publish","4":"format-standard","5":"has-post-thumbnail","7":"category-europe","8":"tag-action-cac-40","9":"tag-actualites","10":"tag-bourse-de-paris","11":"tag-boursorama","12":"tag-cotations","13":"tag-eu","14":"tag-europe","15":"tag-fr","16":"tag-france","17":"tag-indices-devises","18":"tag-investir","19":"tag-investissement","20":"tag-marche-boursier","21":"tag-news","22":"tag-republique-francaise","23":"tag-sicav","24":"tag-trackers","25":"tag-warrants"},"share_on_mastodon":{"url":"https:\/\/pubeurope.com\/@fr\/114954963818261367","error":""},"_links":{"self":[{"href":"https:\/\/www.europesays.com\/fr\/wp-json\/wp\/v2\/posts\/289624","targetHints":{"allow":["GET"]}}],"collection":[{"href":"https:\/\/www.europesays.com\/fr\/wp-json\/wp\/v2\/posts"}],"about":[{"href":"https:\/\/www.europesays.com\/fr\/wp-json\/wp\/v2\/types\/post"}],"author":[{"embeddable":true,"href":"https:\/\/www.europesays.com\/fr\/wp-json\/wp\/v2\/users\/2"}],"replies":[{"embeddable":true,"href":"https:\/\/www.europesays.com\/fr\/wp-json\/wp\/v2\/comments?post=289624"}],"version-history":[{"count":0,"href":"https:\/\/www.europesays.com\/fr\/wp-json\/wp\/v2\/posts\/289624\/revisions"}],"wp:featuredmedia":[{"embeddable":true,"href":"https:\/\/www.europesays.com\/fr\/wp-json\/wp\/v2\/media\/289625"}],"wp:attachment":[{"href":"https:\/\/www.europesays.com\/fr\/wp-json\/wp\/v2\/media?parent=289624"}],"wp:term":[{"taxonomy":"category","embeddable":true,"href":"https:\/\/www.europesays.com\/fr\/wp-json\/wp\/v2\/categories?post=289624"},{"taxonomy":"post_tag","embeddable":true,"href":"https:\/\/www.europesays.com\/fr\/wp-json\/wp\/v2\/tags?post=289624"}],"curies":[{"name":"wp","href":"https:\/\/api.w.org\/{rel}","templated":true}]}}