{"id":289633,"date":"2025-08-01T18:43:09","date_gmt":"2025-08-01T18:43:09","guid":{"rendered":"https:\/\/www.europesays.com\/fr\/289633\/"},"modified":"2025-08-01T18:43:09","modified_gmt":"2025-08-01T18:43:09","slug":"volley-le-point-surrealiste-des-francais-au-mondial","status":"publish","type":"post","link":"https:\/\/www.europesays.com\/fr\/289633\/","title":{"rendered":"Volley | Le point surr\u00e9aliste des Fran\u00e7ais au Mondial"},"content":{"rendered":"<p><strong>Alors que les Championnats du monde U19 de volley battent leur plein, les Bleuets affrontaient leurs grands rivaux italiens. Et un point ahurissant a eu lieu durant la partie.<\/strong><\/p>\n<p>Le volley tricolore est au plus mal<\/p>\n<p>Dans le cadre des quarts de finale des Championnats du monde U19 de volley, l\u2019\u00e9quipe de France d\u00e9fiait l\u2019Italie, grande nation de ce sport. Si les Bleuets remportent le premier set (25-22), un point en particulier va faire mal aux Italiens. Aussi bien au niveau du tableau d\u2019affichage que dans les esprits. Et pour cause, apr\u00e8s plus d\u2019une trentaine de secondes totalement irrespirable, les Fran\u00e7ais concluent ce point d\u2019un smash fatal. La rel\u00e8ve semble malheureusement pr\u00eate.<\/p>\n<blockquote class=\"twitter-tweet\">\n<p dir=\"ltr\" lang=\"und\">WOW ! \ud83e\udd2f\ud83e\udd2f\ud83e\udd2f\ud83e\udd2f<br \/><a href=\"https:\/\/t.co\/OvVZtzWpKj\" rel=\"nofollow\">pic.twitter.com\/OvVZtzWpKj<\/a><\/p>\n<p>\u2014 VolleyActu (@VolleyActu) <a href=\"https:\/\/twitter.com\/VolleyActu\/status\/1951261297414135893?ref_src=twsrc%5Etfw\" rel=\"nofollow noopener\" target=\"_blank\">August 1, 2025<\/a><\/p>\n<\/blockquote>\n<p>Apr\u00e8s le gain du premier set, les Bleuets se rel\u00e2chent bien \u00e9videmment, et le second est \u00e0 mettre \u00e0 l\u2019actif de nos voisins des Alpes (21-25). Arrive alors la troisi\u00e8me manche, qu\u2019il valait mieux ne pas regarder <a href=\"https:\/\/fflose.com\/volley-la-remontada-inadmissible-de-tours-en-coupe-deurope\/\" rel=\"nofollow noopener\" target=\"_blank\">si vous \u00eates cardiaque<\/a>. En effet, le score grimpe jusqu\u2019\u00e0 30-30, avant que les Fran\u00e7ais n\u2019aient finalement le dernier mot sur un ultime bloc ravageur (32-30). Mais qu\u2019avons-nous fait pour m\u00e9riter cela ?<\/p>\n<blockquote class=\"twitter-tweet\">\n<p dir=\"ltr\" lang=\"fr\">UN BLOC POUR CONCLURE LE SET !<\/p>\n<p>32-30 \ud83e\udd75\ud83d\udd25<br \/><a href=\"https:\/\/t.co\/Mk8PCWLEDa\" rel=\"nofollow\">pic.twitter.com\/Mk8PCWLEDa<\/a><\/p>\n<p>\u2014 VolleyActu (@VolleyActu) <a href=\"https:\/\/twitter.com\/VolleyActu\/status\/1951280289315188973?ref_src=twsrc%5Etfw\" rel=\"nofollow noopener\" target=\"_blank\">August 1, 2025<\/a><\/p>\n<\/blockquote>\n<p>Les Italiens ne se remettront jamais de cette manche perdue, et s\u2019inclinent dans la quatri\u00e8me (25-18). Bien aid\u00e9s par les 23 points de Noa Duflos-Rossi et Andrej Jokanovic, les Fran\u00e7ais se qualifient pour les demi-finales des Championnats du monde. On esp\u00e8re seulement que l\u2019espoir engendr\u00e9 fera pschitt.<\/p>\n<blockquote class=\"twitter-tweet\">\n<p dir=\"ltr\" lang=\"fr\">QUALIFICATION EN DEMI-FINALE \ud83d\udd25\ud83c\uddeb\ud83c\uddf7<a href=\"https:\/\/t.co\/F6xp16hs51\" rel=\"nofollow\">pic.twitter.com\/F6xp16hs51<\/a><\/p>\n<p>\u2014 VolleyActu (@VolleyActu) <a href=\"https:\/\/twitter.com\/VolleyActu\/status\/1951288075054710891?ref_src=twsrc%5Etfw\" rel=\"nofollow noopener\" target=\"_blank\">August 1, 2025<\/a><\/p>\n<\/blockquote>\n<p><script async src=\"https:\/\/platform.twitter.com\/widgets.js\" charset=\"utf-8\"><\/script><\/p>\n","protected":false},"excerpt":{"rendered":"Alors que les Championnats du monde U19 de volley battent leur plein, les Bleuets affrontaient leurs grands rivaux&hellip;\n","protected":false},"author":2,"featured_media":289634,"comment_status":"","ping_status":"","sticky":false,"template":"","format":"standard","meta":{"footnotes":""},"categories":[1417],"tags":[1011,27,60,1470,1469],"class_list":{"0":"post-289633","1":"post","2":"type-post","3":"status-publish","4":"format-standard","5":"has-post-thumbnail","7":"category-volley","8":"tag-fr","9":"tag-france","10":"tag-sports","11":"tag-volley","12":"tag-volleyball"},"share_on_mastodon":{"url":"https:\/\/pubeurope.com\/@fr\/114954987400575061","error":""},"_links":{"self":[{"href":"https:\/\/www.europesays.com\/fr\/wp-json\/wp\/v2\/posts\/289633","targetHints":{"allow":["GET"]}}],"collection":[{"href":"https:\/\/www.europesays.com\/fr\/wp-json\/wp\/v2\/posts"}],"about":[{"href":"https:\/\/www.europesays.com\/fr\/wp-json\/wp\/v2\/types\/post"}],"author":[{"embeddable":true,"href":"https:\/\/www.europesays.com\/fr\/wp-json\/wp\/v2\/users\/2"}],"replies":[{"embeddable":true,"href":"https:\/\/www.europesays.com\/fr\/wp-json\/wp\/v2\/comments?post=289633"}],"version-history":[{"count":0,"href":"https:\/\/www.europesays.com\/fr\/wp-json\/wp\/v2\/posts\/289633\/revisions"}],"wp:featuredmedia":[{"embeddable":true,"href":"https:\/\/www.europesays.com\/fr\/wp-json\/wp\/v2\/media\/289634"}],"wp:attachment":[{"href":"https:\/\/www.europesays.com\/fr\/wp-json\/wp\/v2\/media?parent=289633"}],"wp:term":[{"taxonomy":"category","embeddable":true,"href":"https:\/\/www.europesays.com\/fr\/wp-json\/wp\/v2\/categories?post=289633"},{"taxonomy":"post_tag","embeddable":true,"href":"https:\/\/www.europesays.com\/fr\/wp-json\/wp\/v2\/tags?post=289633"}],"curies":[{"name":"wp","href":"https:\/\/api.w.org\/{rel}","templated":true}]}}