{"id":289635,"date":"2025-08-01T18:44:09","date_gmt":"2025-08-01T18:44:09","guid":{"rendered":"https:\/\/www.europesays.com\/fr\/289635\/"},"modified":"2025-08-01T18:44:09","modified_gmt":"2025-08-01T18:44:09","slug":"officiel-un-toulousain-retourne-en-pro-d2","status":"publish","type":"post","link":"https:\/\/www.europesays.com\/fr\/289635\/","title":{"rendered":"OFFICIEL &#8211; Un Toulousain retourne en Pro D2 !"},"content":{"rendered":"<p>ept ans apr\u00e8s son d\u00e9part pour le Stade Toulousain, Alban Placines revient sur les terres de ses d\u00e9buts. Le troisi\u00e8me-ligne de 32 ans s\u2019est officiellement engag\u00e9 ce vendredi avec le Biarritz Olympique, son club formateur, pour un retour \u00e0 la maison qui suscite \u00e9motion et ambition.<\/p>\n<p>Un retour charg\u00e9 de symboles<\/p>\n<p>Form\u00e9 au BO, Alban Placines y a connu ses premi\u00e8res minutes en Top 14 et ses d\u00e9buts dans le rugby professionnel. Parti en 2018 pour rejoindre Toulouse, il y aura construit un palmar\u00e8s impressionnant, avec cinq Boucliers de Brennus (2019, 2021, 2023, 2024, 2025) en poche. Ce retour \u00e0 Biarritz a donc une saveur particuli\u00e8re pour le joueur.<\/p>\n<p><strong>L\u2019int\u00e9ress\u00e9 ne cache pas son \u00e9motion. Extrait :<\/strong><\/p>\n<p>\u00ab Revenir au BO, c\u2019est quelque chose de sp\u00e9cial pour moi. C\u2019est ici que j\u2019ai commenc\u00e9 ma carri\u00e8re professionnelle, que j\u2019ai d\u00e9couvert le monde pro et m\u00eame connu mes premiers matchs en Top 14. \u00bb<\/p>\n<p>Un lien fort avec le club basque qu\u2019il n\u2019a jamais vraiment perdu, malgr\u00e9 les ann\u00e9es pass\u00e9es au sommet du rugby hexagonal avec le Stade Toulousain.<\/p>\n<p>Une volont\u00e9 d\u2019apporter son exp\u00e9rience<\/p>\n<p>Avec ce retour, Alban Placines ne vient pas pour simplement boucler la boucle. Il affiche une vraie ambition : aider le BO \u00e0 franchir un cap et viser une qualification pour les phases finales de Pro D2.<\/p>\n<p><strong>Il l\u2019affirme avec d\u00e9termination. Extrait :<\/strong><\/p>\n<p>\u00ab Apr\u00e8s 7 ann\u00e9es au plus haut niveau, j\u2019ai envie de m\u2019investir pleinement dans le projet du BOPB et d\u2019apporter toute mon exp\u00e9rience. J\u2019esp\u00e8re rendre au club tout ce qu\u2019il m\u2019a donn\u00e9 \u00e0 mes d\u00e9buts. \u00bb<\/p>\n<p>Une belle prise pour le BOPB<\/p>\n<p>Longtemps courtis\u00e9 par l\u2019US Dax, Placines a finalement choisi le c\u0153ur en revenant \u00e0 Biarritz. Un renfort d\u2019exp\u00e9rience pour le club basque, qui pourra compter sur un joueur rompu aux exigences du tr\u00e8s haut niveau pour encadrer un effectif jeune et ambitieux.<\/p>\n<p>En retrouvant ses racines, Alban Placines pourrait bien aider le BOPB \u00e0 retrouver les sommets. Un pari autant affectif que strat\u00e9gique pour les deux parties.<\/p>\n<blockquote class=\"twitter-tweet\" data-width=\"550\" data-dnt=\"true\">\n<p lang=\"fr\" dir=\"ltr\">De retour au bercail \ud83c\udfe0\ud83e\udd70<\/p>\n<p>Bienvenue chez toi Alban \u2764\ufe0f\ud83e\udd0d<\/p>\n<p>\ud83d\udcf2 + d&rsquo;infos \u2935\ufe0f<\/p>\n<p> <a href=\"https:\/\/twitter.com\/hashtag\/BOPB?src=hash&amp;ref_src=twsrc%5Etfw\" rel=\"nofollow noopener\" target=\"_blank\">#BOPB<\/a> | <a href=\"https:\/\/twitter.com\/hashtag\/AupaBO?src=hash&amp;ref_src=twsrc%5Etfw\" rel=\"nofollow noopener\" target=\"_blank\">#AupaBO<\/a><\/p>\n<p>\u2014 BOPBweb (@BOPBweb) <a href=\"https:\/\/twitter.com\/BOPBweb\/status\/1951274216063676440?ref_src=twsrc%5Etfw\" rel=\"nofollow noopener\" target=\"_blank\">August 1, 2025<\/a><\/p>\n<\/blockquote>\n<p><script async src=\"https:\/\/platform.twitter.com\/widgets.js\" charset=\"utf-8\"><\/script><\/p>\n","protected":false},"excerpt":{"rendered":"ept ans apr\u00e8s son d\u00e9part pour le Stade Toulousain, Alban Placines revient sur les terres de ses d\u00e9buts.&hellip;\n","protected":false},"author":2,"featured_media":289636,"comment_status":"","ping_status":"","sticky":false,"template":"","format":"standard","meta":{"footnotes":""},"categories":[1416],"tags":[1011,27,479,1468,60],"class_list":{"0":"post-289635","1":"post","2":"type-post","3":"status-publish","4":"format-standard","5":"has-post-thumbnail","7":"category-rugby","8":"tag-fr","9":"tag-france","10":"tag-rugby","11":"tag-rugby-football","12":"tag-sports"},"share_on_mastodon":{"url":"https:\/\/pubeurope.com\/@fr\/114954991277762439","error":""},"_links":{"self":[{"href":"https:\/\/www.europesays.com\/fr\/wp-json\/wp\/v2\/posts\/289635","targetHints":{"allow":["GET"]}}],"collection":[{"href":"https:\/\/www.europesays.com\/fr\/wp-json\/wp\/v2\/posts"}],"about":[{"href":"https:\/\/www.europesays.com\/fr\/wp-json\/wp\/v2\/types\/post"}],"author":[{"embeddable":true,"href":"https:\/\/www.europesays.com\/fr\/wp-json\/wp\/v2\/users\/2"}],"replies":[{"embeddable":true,"href":"https:\/\/www.europesays.com\/fr\/wp-json\/wp\/v2\/comments?post=289635"}],"version-history":[{"count":0,"href":"https:\/\/www.europesays.com\/fr\/wp-json\/wp\/v2\/posts\/289635\/revisions"}],"wp:featuredmedia":[{"embeddable":true,"href":"https:\/\/www.europesays.com\/fr\/wp-json\/wp\/v2\/media\/289636"}],"wp:attachment":[{"href":"https:\/\/www.europesays.com\/fr\/wp-json\/wp\/v2\/media?parent=289635"}],"wp:term":[{"taxonomy":"category","embeddable":true,"href":"https:\/\/www.europesays.com\/fr\/wp-json\/wp\/v2\/categories?post=289635"},{"taxonomy":"post_tag","embeddable":true,"href":"https:\/\/www.europesays.com\/fr\/wp-json\/wp\/v2\/tags?post=289635"}],"curies":[{"name":"wp","href":"https:\/\/api.w.org\/{rel}","templated":true}]}}