{"id":289637,"date":"2025-08-01T18:45:11","date_gmt":"2025-08-01T18:45:11","guid":{"rendered":"https:\/\/www.europesays.com\/fr\/289637\/"},"modified":"2025-08-01T18:45:11","modified_gmt":"2025-08-01T18:45:11","slug":"resultat-naomi-osaka-jelena-ostapenko-wta-1000-open-du-canada-troisieme-tour-vendredi-01-aout-2025-lequipe","status":"publish","type":"post","link":"https:\/\/www.europesays.com\/fr\/289637\/","title":{"rendered":"R\u00e9sultat : Naomi Osaka &#8211; Jelena Ostapenko, WTA 1000, Open du Canada, Troisi\u00e8me tour, Vendredi 01 ao\u00fbt 2025 &#8211; L&#039;\u00c9quipe"},"content":{"rendered":"<ol>\n<li><a href=\"https:\/\/news.google.com\/rss\/articles\/CBMiygFBVV95cUxPZFVEelY4dWppR0lLSzJaTjhWdE1hdG1COWJkaFN4LTV1cDJqRjFRbC1Ga09SY250WUViS0tJYjRUbzhmZU8yN0ZweEVJZExURzZDMFNmV1lseV80S2QzeTFxdThvMTRDc05GR2FfVUpqamFKNXBISzJ5VDU2a0ZydTNISjY4OWMwVnhKYVU1WkJvTHNXN1JqQUI1NXBYWU1lSXlwUkZXOHVZa21mN1ZZUzh6ZklRR2hpdUJsejhseGNvREZnZmNFTTZB?oc=5\" target=\"_blank\" rel=\"nofollow noopener\">R\u00e9sultat : Naomi Osaka &#8211; Jelena Ostapenko, WTA 1000, Open du Canada, Troisi\u00e8me tour, Vendredi 01 ao\u00fbt 2025<\/a>&nbsp;&nbsp;L&rsquo;\u00c9quipe<\/li>\n<li><a href=\"https:\/\/news.google.com\/rss\/articles\/CBMi0AFBVV95cUxNbE5tZzJQdk5obDdMbTJxVmdfa2theG1Ecld6LXBrQzczVVJWazZVMXdDUDY1aHFxQXd0Um5hNmpzOHVRVWtEUTd1ZUVBbUpMT2V1X0VPSWpYVlIwcDFxNUZlZ1g4WG9NMXEtdGc1T3h4ajB4T1VvWEJxZEM0YUdabE9wSkY0d1E1Q0hTUnAzeGlFSWk4OHhDNDJrRkQzMWFzbUhzMDFGdWE3RW5rYkw0NnlGblVPeVJrc1BLWE5EU0N3cGFzYXRhbnBkclhfbDRw?oc=5\" target=\"_blank\" rel=\"nofollow noopener\">R\u00e9sultat : Francesco Maestrelli &#8211; Antoine Escoffier, Challenger, Porto, Quarts de finale, Vendredi 01 ao\u00fbt 2025<\/a>&nbsp;&nbsp;L&rsquo;\u00c9quipe<\/li>\n<li><a href=\"https:\/\/news.google.com\/rss\/articles\/CBMilAFBVV95cUxQdy0yWVRFckotRXA2YW5xWFJ2aHFqQlZRVURKWGF0cWkyMnpsZ3hrNk84RlFRQ19VV0FhbFBNdndhaHFkNVk0ZjItenlvWmFqRTZNRW9rcFVUYTVTaHI1ZXBNODV0dFhkZ1JaMFZqMmZOXzJjM0pxVUFXSGJtYVBaZW1sRVI4eF9sRElva3otN0NlWWlz?oc=5\" target=\"_blank\" rel=\"nofollow noopener\">ATP &#8211; Umag &gt; Le \u00ab\u00a0fail\u00a0\u00bb de Droguet face \u00e0 Dzumhur, d\u00e9j\u00e0 l\u00e9gendaire..<\/a>&nbsp;&nbsp;We Love Tennis<\/li>\n<li><a href=\"https:\/\/news.google.com\/rss\/articles\/CBMijwFBVV95cUxQcFlCQUVwTW9lTm4yZjZFRkwybzZ6SzNCN0p5RVlMNDRjUTR6X09zUG5FcWNtOHJfM0lZSk5VbDdQcHJBMEhUTFp1MFE0Z01XVjI2ckowYlZqSmN1YnNHNEg3dlpkTFNBMVBnMzRJQlFUMzlVSXZ2czFWbXlEUFVJSmR3ZlFFQWxUbDFFbjIyZw?oc=5\" target=\"_blank\" rel=\"nofollow noopener\">Tennis : Droguet s&rsquo;arr\u00eate en quart \u00e0 Umag<\/a>&nbsp;&nbsp;Le Figaro<\/li>\n<li><a href=\"https:\/\/news.google.com\/rss\/articles\/CBMivwFBVV95cUxNS05fYmtZSm5JZTJULU1ySXhEZGN6RlUtdjJvZU5sVzFwcmpTRzRFOVVSQlpzXzlid1pFRFdhMVVUZUtqODN4VVNEUEdmZllCN2Y1X3ItYkk0RkRZeGxETmhVV1lUeVdwQ2JWRnhvVnpBdDNidGZVOTdyNVEwM0xnOVJaOG5SdXo1RHZKMEk3QXRRdFBJUzRIekZkQkFoQ09sODBkd282Q19jTmkzODI1dmJVNDg3UHdITExyUUFpWQ?oc=5\" target=\"_blank\" rel=\"nofollow noopener\">ATP &#8211; Umag &#8211; Titouan Droguet ne sera pas pass\u00e9 loin de sa premi\u00e8re demi-finale ATP<\/a>&nbsp;&nbsp;Tennis Actu<\/li>\n<\/ol>\n","protected":false},"excerpt":{"rendered":"R\u00e9sultat : Naomi Osaka &#8211; Jelena Ostapenko, WTA 1000, Open du Canada, Troisi\u00e8me tour, Vendredi 01 ao\u00fbt 2025&nbsp;&nbsp;L&rsquo;\u00c9quipe&hellip;\n","protected":false},"author":2,"featured_media":1983,"comment_status":"","ping_status":"","sticky":false,"template":"","format":"standard","meta":{"footnotes":""},"categories":[1415],"tags":[1011,27,60,1467],"class_list":{"0":"post-289637","1":"post","2":"type-post","3":"status-publish","4":"format-standard","5":"has-post-thumbnail","7":"category-tennis","8":"tag-fr","9":"tag-france","10":"tag-sports","11":"tag-tennis"},"share_on_mastodon":{"url":"https:\/\/pubeurope.com\/@fr\/114954995170656820","error":""},"_links":{"self":[{"href":"https:\/\/www.europesays.com\/fr\/wp-json\/wp\/v2\/posts\/289637","targetHints":{"allow":["GET"]}}],"collection":[{"href":"https:\/\/www.europesays.com\/fr\/wp-json\/wp\/v2\/posts"}],"about":[{"href":"https:\/\/www.europesays.com\/fr\/wp-json\/wp\/v2\/types\/post"}],"author":[{"embeddable":true,"href":"https:\/\/www.europesays.com\/fr\/wp-json\/wp\/v2\/users\/2"}],"replies":[{"embeddable":true,"href":"https:\/\/www.europesays.com\/fr\/wp-json\/wp\/v2\/comments?post=289637"}],"version-history":[{"count":0,"href":"https:\/\/www.europesays.com\/fr\/wp-json\/wp\/v2\/posts\/289637\/revisions"}],"wp:featuredmedia":[{"embeddable":true,"href":"https:\/\/www.europesays.com\/fr\/wp-json\/wp\/v2\/media\/1983"}],"wp:attachment":[{"href":"https:\/\/www.europesays.com\/fr\/wp-json\/wp\/v2\/media?parent=289637"}],"wp:term":[{"taxonomy":"category","embeddable":true,"href":"https:\/\/www.europesays.com\/fr\/wp-json\/wp\/v2\/categories?post=289637"},{"taxonomy":"post_tag","embeddable":true,"href":"https:\/\/www.europesays.com\/fr\/wp-json\/wp\/v2\/tags?post=289637"}],"curies":[{"name":"wp","href":"https:\/\/api.w.org\/{rel}","templated":true}]}}