{"id":289638,"date":"2025-08-01T18:47:09","date_gmt":"2025-08-01T18:47:09","guid":{"rendered":"https:\/\/www.europesays.com\/fr\/289638\/"},"modified":"2025-08-01T18:47:09","modified_gmt":"2025-08-01T18:47:09","slug":"meme-pendant-la-treve-estivale-en-motogp-johann-zarco-reste-latout-de-honda-lequipe","status":"publish","type":"post","link":"https:\/\/www.europesays.com\/fr\/289638\/","title":{"rendered":"M\u00eame pendant la tr\u00eave estivale en MotoGP, Johann Zarco reste l&#039;atout de Honda &#8211; L&#039;\u00c9quipe"},"content":{"rendered":"<ol>\n<li><a href=\"https:\/\/news.google.com\/rss\/articles\/CBMiwAFBVV95cUxOUzd5cUR6YWxNWVkxblhwY0taZTFhckZQYkxPQXdFekl2VnBkTXA0M2FKSTdQcWxHT1ZXcW9UZGRLTld6RVpBOTJkT2JfLUhaX0NvSW1QdTM3TTRGd3B1VDM3RDhNQ1dwNmQ2N0dlVGxWNFN3eGFVcjMyUmVTeWZSQXJsaXlfOUdMTjh4TXBHYlVoZ0lSaXpxN1BzcWxaUXNjcG5HUWxJWGc1dlNDUTRUcVFvbmhFLUVMUzExNW5qUjE?oc=5\" target=\"_blank\" rel=\"nofollow noopener\">M\u00eame pendant la tr\u00eave estivale en MotoGP, Johann Zarco reste l&rsquo;atout de Honda<\/a>&nbsp;&nbsp;L&rsquo;\u00c9quipe<\/li>\n<li><a href=\"https:\/\/news.google.com\/rss\/articles\/CBMi_wFBVV95cUxOVGM1VmktbWhNODRrdl9mSVZncXUtYmIybGs4Y0pEUG44eVh5QVJuNzl5eTFrR3pYd0xRa1l2ZzJxTkdPTVY5VDVOVzRrYjB2eVpCbFZVSXkyVXJFd3Y3VEplSU1RNG9zd2NlQldyRnUzZG1oVlcteWZzSVpqMWpuOVJfYXpPOHRTTlZfX21VcFZBV0U3NERNVVBibkdlXzlmazMzajY3d24xR2F1bmpkcjRIRUFFTGJlblFiWUptcjlRNjBNcnItb3pIYmc2dmltTG5yRTVsWktZaGZYSm5KZFhoc0R6dVJzRzVBV05QbkMzQ0R5Y2FGcDFvSy0wZzA?oc=5\" target=\"_blank\" rel=\"nofollow noopener\">Moto. 8 Heures de Suzuka : Honda HRC en t\u00eate apr\u00e8s les sessions de qualifications, le Sert 4e<\/a>&nbsp;&nbsp;Ouest-France<\/li>\n<li><a href=\"https:\/\/news.google.com\/rss\/articles\/CBMirgFBVV95cUxQN3huVUg3Ni1TNjdBVjMwaFBjYmhSaVVrQjJlSjhZRFJfUVhRblFUcUl4akphRDFCUWFDUVR1b3ZETF9MUVVSMjlGdUJQaVRtZGtKNE1QSHJsVjM1WVZlUnRfMjZlSjdvLWxoVHpmOGpFUTdsQ0tYT185T1RSaUFzcHJ4eGxjdHFEdjBfYVFaWTJDYU82dzVHRHlPeEVxQnllTWJHaS1SekQya3Zpa3c?oc=5\" target=\"_blank\" rel=\"nofollow noopener\">Johann Zarco offre la pole provisoire des 8H de Suzuka au HRC<\/a>&nbsp;&nbsp;AutoHebdo<\/li>\n<li><a href=\"https:\/\/news.google.com\/rss\/articles\/CBMimwFBVV95cUxPZUROU0txOU0yUXVzSmY5Nk1PVXFFOWZhNzEySEpyRTQ4MmMwZTl4RlVUZ1pJNHctU09Kb0V5UzdoWEhiTWhfMHVLSktiQUNwd1JnU1RZWEdxXzhOZm4xa2pkQkxkOUIyYzFPZ1NyaTVra0VwY25TV2tYb1EyZnFXV012cUZ2YlZyS1JuaFpmTWE2a2lOUXNDc1gzaw?oc=5\" target=\"_blank\" rel=\"nofollow noopener\">8H Suzuka 2025, Essais nocturnes : Le Honda HRC illumine encore Suzuka<\/a>&nbsp;&nbsp;Paddock GP<\/li>\n<li><a href=\"https:\/\/news.google.com\/rss\/articles\/CBMi1gFBVV95cUxNa1RyamNsU2RSOVJEek9CQWp0TlpTTEJKUUQxTVpCMDJiVUFzbThta1N1am1UX3NvRWJ2eXI0OG9yVVhNaVA4NlhuR3QxUTI4b1V2QXQ4aU5vSTByR29od0t2Mi13ckNKazB0MmI4NHgzLXN6MkxTcVNjc0Y3S2ZGdWVma2Rrc190UW55RlU1aUJXb1p1X3dnRUZfMnFid2JIUDV2RXNmSkFCaUdVdXFTckl3MFc4TFE3WnZXcFl3dDhMQlpRaVJEektHd3FIT0hwakpDREFn?oc=5\" target=\"_blank\" rel=\"nofollow noopener\">Moto. \u00ab On doit se montrer tr\u00e8s ambitieux \u00bb : Suzuki veut capitaliser \u00e0 Suzuka . Sport<\/a>&nbsp;&nbsp;&#8211; Alen\u00e7on.maville.com<\/li>\n<\/ol>\n","protected":false},"excerpt":{"rendered":"M\u00eame pendant la tr\u00eave estivale en MotoGP, Johann Zarco reste l&rsquo;atout de Honda&nbsp;&nbsp;L&rsquo;\u00c9quipe Moto. 8 Heures de Suzuka&hellip;\n","protected":false},"author":2,"featured_media":289639,"comment_status":"","ping_status":"","sticky":false,"template":"","format":"standard","meta":{"footnotes":""},"categories":[1413],"tags":[1011,27,1457,1456,60],"class_list":{"0":"post-289638","1":"post","2":"type-post","3":"status-publish","4":"format-standard","5":"has-post-thumbnail","7":"category-moto","8":"tag-fr","9":"tag-france","10":"tag-moto","11":"tag-motocycle","12":"tag-sports"},"share_on_mastodon":{"url":"https:\/\/pubeurope.com\/@fr\/114955003350892466","error":""},"_links":{"self":[{"href":"https:\/\/www.europesays.com\/fr\/wp-json\/wp\/v2\/posts\/289638","targetHints":{"allow":["GET"]}}],"collection":[{"href":"https:\/\/www.europesays.com\/fr\/wp-json\/wp\/v2\/posts"}],"about":[{"href":"https:\/\/www.europesays.com\/fr\/wp-json\/wp\/v2\/types\/post"}],"author":[{"embeddable":true,"href":"https:\/\/www.europesays.com\/fr\/wp-json\/wp\/v2\/users\/2"}],"replies":[{"embeddable":true,"href":"https:\/\/www.europesays.com\/fr\/wp-json\/wp\/v2\/comments?post=289638"}],"version-history":[{"count":0,"href":"https:\/\/www.europesays.com\/fr\/wp-json\/wp\/v2\/posts\/289638\/revisions"}],"wp:featuredmedia":[{"embeddable":true,"href":"https:\/\/www.europesays.com\/fr\/wp-json\/wp\/v2\/media\/289639"}],"wp:attachment":[{"href":"https:\/\/www.europesays.com\/fr\/wp-json\/wp\/v2\/media?parent=289638"}],"wp:term":[{"taxonomy":"category","embeddable":true,"href":"https:\/\/www.europesays.com\/fr\/wp-json\/wp\/v2\/categories?post=289638"},{"taxonomy":"post_tag","embeddable":true,"href":"https:\/\/www.europesays.com\/fr\/wp-json\/wp\/v2\/tags?post=289638"}],"curies":[{"name":"wp","href":"https:\/\/api.w.org\/{rel}","templated":true}]}}