{"id":289640,"date":"2025-08-01T18:48:10","date_gmt":"2025-08-01T18:48:10","guid":{"rendered":"https:\/\/www.europesays.com\/fr\/289640\/"},"modified":"2025-08-01T18:48:10","modified_gmt":"2025-08-01T18:48:10","slug":"formule-1-gp-de-hongrie-max-verstappen-jette-une-serviette-de-sa-voiture-lors-des-essais-red-bull-avertie","status":"publish","type":"post","link":"https:\/\/www.europesays.com\/fr\/289640\/","title":{"rendered":"Formule 1, GP de Hongrie : Max Verstappen jette une serviette de sa voiture lors des essais, Red Bull avertie"},"content":{"rendered":"<p class=\"paragraph text_align_left lp-f-body-02\"><a href=\"https:\/\/www.leparisien.fr\/sports\/formule-1\/max-verstappen\/\" target=\"_blank\" rel=\"noreferrer nofollow noopener\">Max Verstappen<\/a> n\u2019a pas encore jet\u00e9 l\u2019\u00e9ponge, mais la serviette, oui. Le quadruple champion du monde en titre de <a href=\"https:\/\/www.leparisien.fr\/sports\/formule-1\/\" target=\"_blank\" rel=\"noreferrer nofollow noopener\">Formule 1<\/a>, troisi\u00e8me cette saison et distanc\u00e9 par le duo de McLaren Oscar Piastri et Lando Norris, s\u2019est \u00ab illustr\u00e9 \u00bb ce vendredi lors de la deuxi\u00e8me s\u00e9ance d\u2019essais libres du Grand Prix de Hongrie, qui se disputera dimanche.<\/p>\n<p class=\"paragraph text_align_left lp-f-body-02\">Le pilote n\u00e9erlandais de Red Bull, qui a confirm\u00e9 jeudi <a href=\"https:\/\/www.leparisien.fr\/sports\/formule-1\/certains-aiment-juste-creer-du-drama-la-mise-au-point-de-max-verstappen-sur-son-avenir-en-formule-1-31-07-2025-SG46KOBO7ZHLXLHRA623AU36UM.php\" target=\"_blank\" rel=\"noreferrer nofollow noopener\">qu\u2019il disputerait bien la saison 2026 sous les couleurs de son \u00e9curie actuelle<\/a>, a jet\u00e9 un objet, pr\u00e9sent\u00e9 comme une serviette par le compte officiel du championnat du monde de Formule 1 sur X, de sa voiture en pleine course. Une sc\u00e8ne capt\u00e9e par la cam\u00e9ra de son bolide, et partag\u00e9e sur les r\u00e9seaux sociaux.<\/p>\n<p class=\"paragraph text_align_left lp-f-body-02\">Max Verstappen, auteur du d\u00e9cevant 14e chrono de cette deuxi\u00e8me s\u00e9ance d\u2019essais du vendredi, a d\u00fb r\u00e9pondre de son geste devant les commissaires de course. Selon le rapport de ce dernier, l\u2019une des stars de la discipline a expliqu\u00e9 que la serviette avait gliss\u00e9 sur le c\u00f4t\u00e9 de son si\u00e8ge alors que sa monoplace se trouvait encore au garage, sans que personne de l\u2019\u00e9quipe ne le remarque.<\/p>\n<p>Un simple avertissement des commissaires de course<\/p>\n<p class=\"paragraph text_align_left lp-f-body-02\">Une fois en course, le pilote s\u2019est empress\u00e9 de jeter \u00ab le plus loin possible de la voiture et de la piste \u00bb la serviette, susceptible de le g\u00eaner dans sa conduite. Les commissaires ont estim\u00e9 que ce geste se comprenait car la serviette aurait pu se loger sur le plancher de la voiture et aurait pu lui faire perdre le contr\u00f4le de sa Formule 1. Red Bull s\u2019en sort avec un simple avertissement.<\/p>\n<p class=\"paragraph text_align_left lp-f-body-02\">Max Verstappen, vainqueur de deux Grands Prix cette saison, compte compte respectivement 65 et 81 points de retard sur Lando Norris et Oscar Piastri. Les deux pilotes de chez McLaren <a href=\"https:\/\/www.leparisien.fr\/sports\/formule-1\/grand-prix-de-belgique\/12\/\" target=\"_blank\" rel=\"noreferrer nofollow noopener\">ont r\u00e9ussi le doubl\u00e9 dimanche en Belgique<\/a>.<\/p>\n","protected":false},"excerpt":{"rendered":"Max Verstappen n\u2019a pas encore jet\u00e9 l\u2019\u00e9ponge, mais la serviette, oui. Le quadruple champion du monde en titre&hellip;\n","protected":false},"author":2,"featured_media":289641,"comment_status":"","ping_status":"","sticky":false,"template":"","format":"standard","meta":{"footnotes":""},"categories":[1412],"tags":[1451,1452,1453,1454,1455,1011,27,60],"class_list":{"0":"post-289640","1":"post","2":"type-post","3":"status-publish","4":"format-standard","5":"has-post-thumbnail","7":"category-f1","8":"tag-f1","9":"tag-formula-1","10":"tag-formula1","11":"tag-formule-1","12":"tag-formule1","13":"tag-fr","14":"tag-france","15":"tag-sports"},"share_on_mastodon":{"url":"https:\/\/pubeurope.com\/@fr\/114955007027920869","error":""},"_links":{"self":[{"href":"https:\/\/www.europesays.com\/fr\/wp-json\/wp\/v2\/posts\/289640","targetHints":{"allow":["GET"]}}],"collection":[{"href":"https:\/\/www.europesays.com\/fr\/wp-json\/wp\/v2\/posts"}],"about":[{"href":"https:\/\/www.europesays.com\/fr\/wp-json\/wp\/v2\/types\/post"}],"author":[{"embeddable":true,"href":"https:\/\/www.europesays.com\/fr\/wp-json\/wp\/v2\/users\/2"}],"replies":[{"embeddable":true,"href":"https:\/\/www.europesays.com\/fr\/wp-json\/wp\/v2\/comments?post=289640"}],"version-history":[{"count":0,"href":"https:\/\/www.europesays.com\/fr\/wp-json\/wp\/v2\/posts\/289640\/revisions"}],"wp:featuredmedia":[{"embeddable":true,"href":"https:\/\/www.europesays.com\/fr\/wp-json\/wp\/v2\/media\/289641"}],"wp:attachment":[{"href":"https:\/\/www.europesays.com\/fr\/wp-json\/wp\/v2\/media?parent=289640"}],"wp:term":[{"taxonomy":"category","embeddable":true,"href":"https:\/\/www.europesays.com\/fr\/wp-json\/wp\/v2\/categories?post=289640"},{"taxonomy":"post_tag","embeddable":true,"href":"https:\/\/www.europesays.com\/fr\/wp-json\/wp\/v2\/tags?post=289640"}],"curies":[{"name":"wp","href":"https:\/\/api.w.org\/{rel}","templated":true}]}}