{"id":289642,"date":"2025-08-01T18:49:09","date_gmt":"2025-08-01T18:49:09","guid":{"rendered":"https:\/\/www.europesays.com\/fr\/289642\/"},"modified":"2025-08-01T18:49:09","modified_gmt":"2025-08-01T18:49:09","slug":"tdf-tour-de-france-femmes-4","status":"publish","type":"post","link":"https:\/\/www.europesays.com\/fr\/289642\/","title":{"rendered":"TDF. Tour de France Femmes"},"content":{"rendered":"<p>Ce vendredi avait lieu la 7e \u00e9tape du <strong>Tour de France Femmes<\/strong> entre\u00a0Bourg-en-Bresse\u00a0et\u00a0Chamb\u00e9ry, remport\u00e9e par la Fran\u00e7aise <strong><a href=\"https:\/\/www.cyclismactu.net\/..\/news-tdf-tour-de-france-femmes-maeva-squiban-encore-sur-7e-etape-court-ne-rompt-pas-89393.html?utm_campaign=post-auto&amp;utm_medium=twitter&amp;utm_source=mashup-cyclismactu\" rel=\"nofollow noopener\" target=\"_blank\">Ma\u00ebva Squiban<\/a><\/strong> (UAE Team ADQ), qui r\u00e9alise un formidable doubl\u00e9. Dans la lutte pour le classement g\u00e9n\u00e9ral, les favorites se sont neutralis\u00e9es ce vendredi. Si <strong><a href=\"http:\/\/www.cyclismactu.net\/news-tdf-tour-de-france-femmes-kim-court-j-ai-essaye-de-ne-pas-mourir-en-descente-89399.html?utm_campaign=post-auto&amp;utm_medium=twitter&amp;utm_source=mashup-cyclismactu#google_vignette\" rel=\"nofollow noopener\" target=\"_blank\">Kim Le Court<\/a><\/strong>\u00a0(AG Insurance-Soudal Team) a \u00e9t\u00e9 distanc\u00e9e un temps dans le col du Granier, elle a pu revenir sur le groupe des favorites dans la descente menant \u00e0 Chamb\u00e9ry. <strong>Demi Vollering<\/strong>\u00a0(FDJ-SUEZ) a, elle, acc\u00e9l\u00e9r\u00e9 dans les derniers hectom\u00e8tres du Granier, sans r\u00e9ussir \u00e0 faire de diff\u00e9rence. Tout se jouera donc ce samedi dans le col de la Madeleine, un final qui s&rsquo;annonce exceptionnel alors que les trois grandes favorites, <strong>Pauline Ferrand-Pr\u00e9vot<\/strong> (Team Visma | Lease a Bike), <strong>Katarzyna Niewiadoma-Phinney<\/strong> (CANYON\/\/SRAM zondacrypto)\u00a0et\u00a0<strong>Demi Vollering<\/strong>, se tiennent en 5 secondes.<\/p>\n<p>Vid\u00e9o &#8211; La r\u00e9action de Maeva Squiban apr\u00e8s sa 2e victoire de suite Lire la suite de l&rsquo;article&#13;<\/p>\n<p>\u00a0<\/p>\n<p>&#13;<br \/>\n\u00ab\u00a0Je me doutais d\u00e9j\u00e0 que Kim (Le Court) n&rsquo;\u00e9tait pas super aujourd&rsquo;hui&#8230;\u00a0\u00bb&#13;<\/p>\n<p>Apr\u00e8s l&rsquo;arriv\u00e9e, <strong>Demi Vollering<\/strong> est d&rsquo;abord revenu au micro de Wielerflits sur les difficult\u00e9s du jour de\u00a0<strong>Kim Le Court <\/strong>: \u00ab\u00a0C\u2019\u00e9tait assez surprenant. Je me doutais d\u00e9j\u00e0 que Kim n\u2019\u00e9tait pas super aujourd\u2019hui, car son \u00e9quipe n\u2019a rien fait, et elle-m\u00eame \u00e9tait parfois un peu \u00e0 l\u2019arri\u00e8re. Elle n\u2019avait pas la m\u00eame allure que les autres jours. \u00c0 un moment, j\u2019ai vu qu\u2019elle devait laisser un petit \u00e9cart. Mais au final, elle a quand m\u00eame r\u00e9ussi \u00e0 revenir, donc c\u2019est tr\u00e8s impressionnant.\u00a0Sinon, Pauline \u00e9tait tr\u00e8s forte, elle a bien durci la course. Mais ce n\u2019\u00e9tait pas une mont\u00e9e super raide. Il y avait aussi pas mal de vent, donc dans les roues, tu avais quand m\u00eame un avantage. Au\u00a0final, on voit que tout le monde se tient de tr\u00e8s pr\u00e8s\u00a0\u00bb.<\/p>\n<p>&#13;<\/p>\n<p>Elle poursuit sur le virage qui sera \u00e0 son nom demain dans le col de la Madeleine : \u00ab\u00a0Comme beaucoup de gens le savent maintenant, mon slogan c\u2019est &lsquo;It all starts with dreaming&rsquo;\u00a0(tout commence par un r\u00eave).\u00a0C\u2019est \u00e9crit sur mon v\u00e9lo. Je veux inspirer les gens \u00e0 bouger, parce que l\u2019activit\u00e9 physique, ce n\u2019est pas seulement important pour le corps, pour la sant\u00e9 physique, mais surtout pour la sant\u00e9 mentale. On s\u2019est dit que pendant ce Tour, ce serait sympa de donner vie \u00e0 cette id\u00e9e, et c\u2019est comme \u00e7a qu\u2019est n\u00e9e le &lsquo;Move to Dream Corner&rsquo; (&lsquo;Virage bouger pour r\u00eaver). Au fond, quand tu bouges, tu lib\u00e8res ton esprit, tu peux r\u00eaver. Et les r\u00eaves te donnent un but, ce qui t\u2019aide beaucoup dans la vie\u00a0\u00bb, conclut-elle.<\/p>\n<p>Tour de France Femmes avec Zwift &#8211; Classement de la 7\u00e8 \u00e9tape Tour de France Femmes avec Zwift &#8211; Classement g\u00e9n\u00e9ral provisoire apr\u00e8s la 7\u00e8 \u00e9tape<\/p>\n","protected":false},"excerpt":{"rendered":"Ce vendredi avait lieu la 7e \u00e9tape du Tour de France Femmes entre\u00a0Bourg-en-Bresse\u00a0et\u00a0Chamb\u00e9ry, remport\u00e9e par la Fran\u00e7aise Ma\u00ebva&hellip;\n","protected":false},"author":2,"featured_media":289643,"comment_status":"","ping_status":"","sticky":false,"template":"","format":"standard","meta":{"footnotes":""},"categories":[1411],"tags":[1154,207,211,1011,27,209,60,210,11098,212,208,213],"class_list":{"0":"post-289642","1":"post","2":"type-post","3":"status-publish","4":"format-standard","5":"has-post-thumbnail","7":"category-cyclisme","8":"tag-cycling","9":"tag-cyclisme","10":"tag-ffc","11":"tag-fr","12":"tag-france","13":"tag-route","14":"tag-sports","15":"tag-tour-de-france","16":"tag-tour-de-france-femmes","17":"tag-uci","18":"tag-velo","19":"tag-world-tour"},"share_on_mastodon":{"url":"https:\/\/pubeurope.com\/@fr\/114955010963404931","error":""},"_links":{"self":[{"href":"https:\/\/www.europesays.com\/fr\/wp-json\/wp\/v2\/posts\/289642","targetHints":{"allow":["GET"]}}],"collection":[{"href":"https:\/\/www.europesays.com\/fr\/wp-json\/wp\/v2\/posts"}],"about":[{"href":"https:\/\/www.europesays.com\/fr\/wp-json\/wp\/v2\/types\/post"}],"author":[{"embeddable":true,"href":"https:\/\/www.europesays.com\/fr\/wp-json\/wp\/v2\/users\/2"}],"replies":[{"embeddable":true,"href":"https:\/\/www.europesays.com\/fr\/wp-json\/wp\/v2\/comments?post=289642"}],"version-history":[{"count":0,"href":"https:\/\/www.europesays.com\/fr\/wp-json\/wp\/v2\/posts\/289642\/revisions"}],"wp:featuredmedia":[{"embeddable":true,"href":"https:\/\/www.europesays.com\/fr\/wp-json\/wp\/v2\/media\/289643"}],"wp:attachment":[{"href":"https:\/\/www.europesays.com\/fr\/wp-json\/wp\/v2\/media?parent=289642"}],"wp:term":[{"taxonomy":"category","embeddable":true,"href":"https:\/\/www.europesays.com\/fr\/wp-json\/wp\/v2\/categories?post=289642"},{"taxonomy":"post_tag","embeddable":true,"href":"https:\/\/www.europesays.com\/fr\/wp-json\/wp\/v2\/tags?post=289642"}],"curies":[{"name":"wp","href":"https:\/\/api.w.org\/{rel}","templated":true}]}}