{"id":289644,"date":"2025-08-01T18:50:11","date_gmt":"2025-08-01T18:50:11","guid":{"rendered":"https:\/\/www.europesays.com\/fr\/289644\/"},"modified":"2025-08-01T18:50:11","modified_gmt":"2025-08-01T18:50:11","slug":"om-feyenoord-confirme-le-transfert-de-paixao-maxifoot","status":"publish","type":"post","link":"https:\/\/www.europesays.com\/fr\/289644\/","title":{"rendered":"OM : Feyenoord confirme le transfert de Paix\u00e3o &#8211; Maxifoot"},"content":{"rendered":"<ol>\n<li><a href=\"https:\/\/news.google.com\/rss\/articles\/CBMijAFBVV95cUxPVVhWbGQ1ekdSTzZpRGw0ZzU3MkVzdVlZNTZWUzFVRFdKZEhpQzFZMnVNUzkxRTNPWlZ5cUdqcUM3Y2ZPaXBVSElkMXItcjRyTXg3SkFPUWVjWjJJNHotQmhSSWxGU0hYT2FmS3pJVjR0TDFLcWw4a1dNTDFMWkNuelBkLTZLV05oeU80ctIBjAFBVV95cUxQWWRQN0FvUUc1NnBfT3owWkJVT0o4VjlHTkdROVJFZjJfbVR2c1NPVF9tMEpDSXhYSVFoTmo1X2hhc3JkQVN0X05GdVU5YmFYM3hORGQ4STkyczNWaDVDTzJJTVlySUpVcFZLRGVHZEluSnpybEwxRVlRbDg1YUZyd2FxWEMtLWk4R1M2cg?oc=5\" target=\"_blank\" rel=\"noopener\">OM : Feyenoord confirme le transfert de Paix\u00e3o<\/a>&nbsp;&nbsp;Maxifoot<\/li>\n<li><a href=\"https:\/\/news.google.com\/rss\/articles\/CBMiggJBVV95cUxPcHlLNGRTVHYwMzhzXzdVVjJBU3paYUFEaXMzNUJTUTdPcDNLTWFvcy0yYVAzelZINWVWQ19JV1FCSjZSM1ZySnBOaFRsbnpGbkxIRzlYWGVHWVNIZldlVXJXRlkxWXU1VWRkSXhBYnNHZHZnTmY3czlXakczU04yUUxWU1VTYjNocnM3NzlRdWktNV9hUXZPOGJaOWRZOFpFV2dTSEgyWjlRTW9hY2lSTHV5NmhDYVpoTkJfbl9QVExHZUlTb084WGVDNDhJWHFsT3VPT21uLXRJb0c2c2pGVl9HZlQ2dlZ2S01CZ2Y3Y2FjMk9tT3ZqekRGOE1vUDFxTmc?oc=5\" target=\"_blank\" rel=\"noopener\">Recrue la plus ch\u00e8re de l&rsquo;histoire du club, Igor Paixao officiellement Marseillais<\/a>&nbsp;&nbsp;Eurosport<\/li>\n<li><a href=\"https:\/\/news.google.com\/rss\/articles\/CBMiygFBVV95cUxNNkZ5YldLVG1nYy1ILW9FcnRsdWtic2hhaXNaYWdqc2ZtS0JiUU0yRUZrVEg2RndwdUdUMFVQUHNJci1rTHltX1N2YW8zVWRDM09tUVlvWXY3aXVEUDFXZU5qRW83a1dLLWZsUEk0aHk1TFBwOHVFVDVWSXByRDJxVE5QNFNKc2o5RlNuZGZ5V1FESnZvZ05oX0VEQ2toSkRVZHhRSkUzbVFWRXZPVlRaY1BvZHB6NWpBdWVTWU9MakZLUFNPSThBV1JR?oc=5\" target=\"_blank\" rel=\"noopener\">Mercato OM. Ord\u00f3\u00f1ez, Weah\u2026 \u00e0 deux semaines de la reprise, un effectif \u00e0 compl\u00e9ter<\/a>&nbsp;&nbsp;La Provence<\/li>\n<li><a href=\"https:\/\/news.google.com\/rss\/articles\/CBMijwFBVV95cUxONjdpUmcxWmstQl9CYmYxd3E5Wi1xN1RrRTc3amxHRnpWeXI5ZmZhMGpPYUN2NHAxcUNhQmRwV2JHZ1N1dDJGT3dsdTlxcXRURXZwRTFhbExjSHVWYlBpM1NOYkZScWVoeDlUVXBtZmZVZHd4Q1VhTWIwdmR3U253Mno1ZjExM2p1bHJlc1R6SQ?oc=5\" target=\"_blank\" rel=\"noopener\">Le Feyenoord annonce le transfert d\u2019Igor Paixao \u00e0 l\u2019OM<\/a>&nbsp;&nbsp;Foot Mercato<\/li>\n<li><a href=\"https:\/\/news.google.com\/rss\/articles\/CBMijAJBVV95cUxPc29TNjkyYUl6cDA4bDNueGYxYTgyVVRPTS1qV29kNWNEU1hvMlZLbUF2UTQ2ZlAwRjhzWWp4RGQyQ1dpcmdtdmRXWWNabGx6SzRvMThVQ1ZVWEF6bG5kS0I0Zk5kV2pzNHdwRktWWEVQZzRSODVzSFdkbHVsaUNpRl9oZXJQeFRxWHp4OGFiazFjNGZoc01SMlJ1eHNIbUxUdzJ6b1dlS0NXVUJQZWxIb081T2NqZHlPN095cHBNYXNVSzVKZi0xOWN6UjVzNmxlT1JOVHZVaEhwQXRjRWwydlZfRWJGWVM3SThpbDFHOWxHRU16NE9VQ0FBOTNKTFoxa0pNWGh3NGo0aW15?oc=5\" target=\"_blank\" rel=\"noopener\">Mercato &#8211; OM. Qui est Igor Paix\u00e3o, recrue la plus ch\u00e8re de l\u2019histoire de Marseille ?<\/a>&nbsp;&nbsp;Ouest-France<\/li>\n<\/ol>\n","protected":false},"excerpt":{"rendered":"OM : Feyenoord confirme le transfert de Paix\u00e3o&nbsp;&nbsp;Maxifoot Recrue la plus ch\u00e8re de l&rsquo;histoire du club, Igor Paixao&hellip;\n","protected":false},"author":2,"featured_media":289645,"comment_status":"","ping_status":"","sticky":false,"template":"","format":"standard","meta":{"footnotes":""},"categories":[1410],"tags":[2266,2262,2261,1981,83,2260,451,2263,462,2269,2257,63,1011,27,2265,1441,453,66,447,2267,955,2268,241,149,70,1817,93,2264,2258,2259,60,969,455],"class_list":{"0":"post-289644","1":"post","2":"type-post","3":"status-publish","4":"format-standard","5":"has-post-thumbnail","7":"category-football","8":"tag-as-monaco","9":"tag-bundesligua","10":"tag-calcio","11":"tag-classement","12":"tag-coupe-de-france","13":"tag-coupe-de-la-ligue","14":"tag-coupe-du-monde","15":"tag-equipe","16":"tag-fc-nantes","17":"tag-fifa","18":"tag-foot","19":"tag-football","20":"tag-fr","21":"tag-france","22":"tag-girondins-bordeaux","23":"tag-joueur","24":"tag-liga","25":"tag-ligue-1","26":"tag-ligue-des-champions","27":"tag-losc","28":"tag-match","29":"tag-ogc-nice","30":"tag-ol","31":"tag-om","32":"tag-premier-league","33":"tag-pronostic","34":"tag-psg","35":"tag-rc-lens","36":"tag-resultat","37":"tag-score","38":"tag-sports","39":"tag-transfert","40":"tag-uefa"},"share_on_mastodon":{"url":"https:\/\/pubeurope.com\/@fr\/114955015047671971","error":""},"_links":{"self":[{"href":"https:\/\/www.europesays.com\/fr\/wp-json\/wp\/v2\/posts\/289644","targetHints":{"allow":["GET"]}}],"collection":[{"href":"https:\/\/www.europesays.com\/fr\/wp-json\/wp\/v2\/posts"}],"about":[{"href":"https:\/\/www.europesays.com\/fr\/wp-json\/wp\/v2\/types\/post"}],"author":[{"embeddable":true,"href":"https:\/\/www.europesays.com\/fr\/wp-json\/wp\/v2\/users\/2"}],"replies":[{"embeddable":true,"href":"https:\/\/www.europesays.com\/fr\/wp-json\/wp\/v2\/comments?post=289644"}],"version-history":[{"count":0,"href":"https:\/\/www.europesays.com\/fr\/wp-json\/wp\/v2\/posts\/289644\/revisions"}],"wp:featuredmedia":[{"embeddable":true,"href":"https:\/\/www.europesays.com\/fr\/wp-json\/wp\/v2\/media\/289645"}],"wp:attachment":[{"href":"https:\/\/www.europesays.com\/fr\/wp-json\/wp\/v2\/media?parent=289644"}],"wp:term":[{"taxonomy":"category","embeddable":true,"href":"https:\/\/www.europesays.com\/fr\/wp-json\/wp\/v2\/categories?post=289644"},{"taxonomy":"post_tag","embeddable":true,"href":"https:\/\/www.europesays.com\/fr\/wp-json\/wp\/v2\/tags?post=289644"}],"curies":[{"name":"wp","href":"https:\/\/api.w.org\/{rel}","templated":true}]}}