{"id":289646,"date":"2025-08-01T18:51:14","date_gmt":"2025-08-01T18:51:14","guid":{"rendered":"https:\/\/www.europesays.com\/fr\/289646\/"},"modified":"2025-08-01T18:51:14","modified_gmt":"2025-08-01T18:51:14","slug":"les-parents-de-krisztina-rady-opposes-a-la-reouverture-du-dossier-visant-bertrand-cantat","status":"publish","type":"post","link":"https:\/\/www.europesays.com\/fr\/289646\/","title":{"rendered":"Les parents de Krisztina Rady oppos\u00e9s \u00e0 la r\u00e9ouverture du dossier visant Bertrand Cantat"},"content":{"rendered":"<p>Les parents de Krisztina Rady, l&rsquo;\u00e9pouse de <a data-i13n=\"cpos:1;pos:1\" href=\"https:\/\/fr.news.yahoo.com\/album-solo-tourn%C3%A9e-avant-grand-201456719.html\" data-ylk=\"slk:Bertrand Cantat;cpos:1;pos:1;elm:context_link;itc:0;sec:content-canvas;outcm:mb_qualified_link;_E:mb_qualified_link;ct:story;\" class=\"link  yahoo-link\" target=\"_blank\" rel=\"noopener\">Bertrand Cantat<\/a> retrouv\u00e9e pendue chez elle en 2010, s&rsquo;opposent \u00e0 l&rsquo;enqu\u00eate sur \u00ab\u00a0d&rsquo;\u00e9ventuels faits de violences volontaires\u00a0\u00bb commis par leur ex-gendre <a data-i13n=\"cpos:2;pos:1\" href=\"https:\/\/fr.news.yahoo.com\/bertrand-cantat-pourquoi-parquet-rouvre-165137575.html\" data-ylk=\"slk:rouverte fin juillet par le parquet de Bordeaux;cpos:2;pos:1;elm:context_link;itc:0;sec:content-canvas;outcm:mb_qualified_link;_E:mb_qualified_link;ct:story;\" class=\"link  yahoo-link\" target=\"_blank\" rel=\"noopener\">rouverte fin juillet par le parquet de Bordeaux<\/a>, a indiqu\u00e9 vendredi leur avocat.<\/p>\n<p>Le procureur de Bordeaux a motiv\u00e9 sa d\u00e9cision par <a data-i13n=\"cpos:3;pos:1\" href=\"https:\/\/fr.news.yahoo.com\/r%C3%A9ouverture-l-enqu%C3%AAte-suicide-krisztina-161816803.html\" data-ylk=\"slk:les nouveaux \u00e9l\u00e9ments;cpos:3;pos:1;elm:context_link;itc:0;sec:content-canvas;outcm:mb_qualified_link;_E:mb_qualified_link;ct:story;\" class=\"link  yahoo-link\" target=\"_blank\" rel=\"noopener\">les nouveaux \u00e9l\u00e9ments<\/a> apparus dans un r\u00e9cent documentaire sur Netflix consacr\u00e9 au chanteur de Noir D\u00e9sir, condamn\u00e9 en 2003 pour le meurtre de <a data-i13n=\"cpos:4;pos:1\" href=\"https:\/\/fr.news.yahoo.com\/dhonneur-violents-lio-%C3%A9voque-meurtre-132203362.html\" data-ylk=\"slk:Marie Trintignant;cpos:4;pos:1;elm:context_link;itc:0;sec:content-canvas;outcm:mb_qualified_link;_E:mb_qualified_link;ct:story;\" class=\"link  yahoo-link\" target=\"_blank\" rel=\"noopener\">Marie Trintignant<\/a>.<\/p>\n<p>Quatre proc\u00e9dures sur les circonstances de la mort de Krisztina Rady ont d\u00e9j\u00e0 \u00e9t\u00e9 ouvertes et class\u00e9es sans suite: la premi\u00e8re apr\u00e8s son d\u00e9c\u00e8s au domicile conjugal \u00e0 Bordeaux d\u00e9but 2010, puis en 2013, 2014 et 2018.<\/p>\n<p>\u00ab\u00a0Aujourd&rsquo;hui les parents souhaitent l&rsquo;apaisement et ne comprennent pas l&rsquo;acharnement concernant ce dossier, notamment en pr\u00e9tendant que leur gendre aurait commis un suicide forc\u00e9\u00a0\u00bb, explique Me Tibor-Louis Leh dans un communiqu\u00e9 transmis \u00e0 l&rsquo;AFP.<\/p>\n<p>Deux lettres d&rsquo;adieux contradictoires<\/p>\n<p>L&rsquo;avocat fait notamment r\u00e9f\u00e9rence au documentaire De rockstar \u00e0 tueur: le cas Cantat, \u00ab\u00a0particuli\u00e8rement \u00e0 charge\u00a0\u00bb, selon lui. Le film \u00e9voque une lettre d&rsquo;adieu de Krisztina Rady, d\u00e9voil\u00e9e cette semaine par <a data-i13n=\"cpos:5;pos:1\" href=\"https:\/\/www.parismatch.com\/People\/bonjour-et-au-revoir-ce-que-revele-la-lettre-dadieu-de-krisztina-rady-ex-femme-de-bertrand-cantat-254981\" rel=\"nofollow noopener\" target=\"_blank\" data-ylk=\"slk:Paris Match;cpos:5;pos:1;elm:context_link;itc:0;sec:content-canvas\" class=\"link \">Paris Match<\/a>, o\u00f9 elle \u00e9crit: \u00ab\u00a0Merci aux cris incessants et aux accusations de Bertrand, d\u00e9positaire exclusif de souffrance\u00a0\u00bb.<\/p>\n<p>Mais elle cite \u00e9galement deux autres hommes, \u00ab\u00a0lamentables petits caporaux\u00a0\u00bb, et deux femmes qui l&rsquo;ont fait \u00ab\u00a0souffrir\u00a0\u00bb. Me Leh \u00e9voque aussi une autre lettre d&rsquo;adieu, en possession des parents, laquelle \u00ab\u00a0ne fait aucune allusion \u00e0 Bertrand Cantat\u00a0\u00bb mais mentionne \u00ab\u00a0un contentieux financier d&rsquo;ordre professionnel\u00a0\u00bb.<\/p>\n<p>Apr\u00e8s la mort de Krisztina, ses parents ont \u00e9voqu\u00e9 \u00e0 plusieurs reprises la \u00ab\u00a0violence\u00a0\u00bb de Cantat, qui \u00ab\u00a0d&rsquo;une certaine mani\u00e8re, terrorisait\u00a0\u00bb leur fille. Mais d\u00e8s 2013, ils se sont dits, par le biais de leur avocat, convaincus que l&rsquo;artiste \u00ab\u00a0n&rsquo;est vraisemblablement pas la seule personne impliqu\u00e9e\u00a0\u00bb et \u00ab\u00a0qu&rsquo;il y a beaucoup d&rsquo;autres raisons complexes pour lesquelles elle s&rsquo;est suicid\u00e9e\u00a0\u00bb.<\/p>\n<p>\u00ab\u00a0Les causes du suicide sont multiples\u00a0\u00bb, a martel\u00e9 Me Leh vendredi.<\/p>\n<p>Krisztina Rady, femme de lettres, de th\u00e9\u00e2tre et traductrice, avait rencontr\u00e9 Bertrand Cantat en 1993, lors d&rsquo;un festival \u00e0 Budapest. Mari\u00e9 en 1997, le couple a eu deux enfants et n&rsquo;a jamais divorc\u00e9 m\u00eame s&rsquo;il s&rsquo;est s\u00e9par\u00e9 lors de la naissance de leur fille, apr\u00e8s la rencontre entre le chanteur et Marie Trintignant.<\/p>\n<p>Krisztina Rady avait apport\u00e9 un soutien inconditionnel \u00e0 Bertrand Cantat lors de son proc\u00e8s en Lituanie pour le meurtre de l&rsquo;actrice, pour lequel il a \u00e9t\u00e9 condamn\u00e9 \u00e0 huit ans de prison.<\/p>\n<p><a data-i13n=\"cpos:6;pos:1\" href=\"https:\/\/www.bfmtv.com\/police-justice\/les-parents-de-krisztina-rady-opposes-a-la-reouverture-du-dossier-visant-bertrand-cantat_AD-202508010356.html#xtor=AL-68\" rel=\"nofollow noopener\" target=\"_blank\" data-ylk=\"slk:Article original publi\u00e9 sur BFMTV.com;cpos:6;pos:1;elm:context_link;itc:0;sec:content-canvas\" class=\"link \">Article original publi\u00e9 sur BFMTV.com<\/a><\/p>\n","protected":false},"excerpt":{"rendered":"Les parents de Krisztina Rady, l&rsquo;\u00e9pouse de Bertrand Cantat retrouv\u00e9e pendue chez elle en 2010, s&rsquo;opposent \u00e0 l&rsquo;enqu\u00eate&hellip;\n","protected":false},"author":2,"featured_media":289647,"comment_status":"","ping_status":"","sticky":false,"template":"","format":"standard","meta":{"footnotes":""},"categories":[1359],"tags":[456,58,59,42859,1011,27,42857,42860,8634,3306,973,42858],"class_list":{"0":"post-289646","1":"post","2":"type-post","3":"status-publish","4":"format-standard","5":"has-post-thumbnail","7":"category-people","8":"tag-bertrand-cantat","9":"tag-divertissement","10":"tag-entertainment","11":"tag-femme-de-lettres","12":"tag-fr","13":"tag-france","14":"tag-krisztina","15":"tag-les-parents","16":"tag-marie-trintignant","17":"tag-parents","18":"tag-people","19":"tag-rady"},"share_on_mastodon":{"url":"https:\/\/pubeurope.com\/@fr\/114955018940504715","error":""},"_links":{"self":[{"href":"https:\/\/www.europesays.com\/fr\/wp-json\/wp\/v2\/posts\/289646","targetHints":{"allow":["GET"]}}],"collection":[{"href":"https:\/\/www.europesays.com\/fr\/wp-json\/wp\/v2\/posts"}],"about":[{"href":"https:\/\/www.europesays.com\/fr\/wp-json\/wp\/v2\/types\/post"}],"author":[{"embeddable":true,"href":"https:\/\/www.europesays.com\/fr\/wp-json\/wp\/v2\/users\/2"}],"replies":[{"embeddable":true,"href":"https:\/\/www.europesays.com\/fr\/wp-json\/wp\/v2\/comments?post=289646"}],"version-history":[{"count":0,"href":"https:\/\/www.europesays.com\/fr\/wp-json\/wp\/v2\/posts\/289646\/revisions"}],"wp:featuredmedia":[{"embeddable":true,"href":"https:\/\/www.europesays.com\/fr\/wp-json\/wp\/v2\/media\/289647"}],"wp:attachment":[{"href":"https:\/\/www.europesays.com\/fr\/wp-json\/wp\/v2\/media?parent=289646"}],"wp:term":[{"taxonomy":"category","embeddable":true,"href":"https:\/\/www.europesays.com\/fr\/wp-json\/wp\/v2\/categories?post=289646"},{"taxonomy":"post_tag","embeddable":true,"href":"https:\/\/www.europesays.com\/fr\/wp-json\/wp\/v2\/tags?post=289646"}],"curies":[{"name":"wp","href":"https:\/\/api.w.org\/{rel}","templated":true}]}}