{"id":289648,"date":"2025-08-01T18:52:17","date_gmt":"2025-08-01T18:52:17","guid":{"rendered":"https:\/\/www.europesays.com\/fr\/289648\/"},"modified":"2025-08-01T18:52:17","modified_gmt":"2025-08-01T18:52:17","slug":"cest-scandaleux-le-louvre-decrie-pour-son-absence-de-wc-non-binaires","status":"publish","type":"post","link":"https:\/\/www.europesays.com\/fr\/289648\/","title":{"rendered":"\u00ab\u00a0C\u2019est scandaleux ! \u00bb : le Louvre d\u00e9cri\u00e9 pour son absence de WC non binaires"},"content":{"rendered":"<p>\u00ab\u00a0Dinguerie, ce qui vient d\u2019arriver !\u00a0\u00bb Depuis le week-end dernier, un jeune homme fait parler de lui, sur les r\u00e9seaux sociaux, en raison d\u2019une <a href=\"https:\/\/x.com\/ericnaulleau\/status\/1950077637554298939\" target=\"_blank\" rel=\"noopener nofollow\">vid\u00e9o pour le moins \u00e9tonnante<\/a>. Il y relate sa m\u00e9saventure v\u00e9cue au mus\u00e9e du Louvre, \u00e0 Paris, quelques instants plus t\u00f4t. \u00ab Je rentre au mus\u00e9e, j\u2019ai envie d\u2019aller aux toilettes, je cherche des WC non binaires, je n\u2019en trouve pas ! C\u2019est bizarre, pour un mus\u00e9e si mondialement connu, qu\u2019il ne se soit pas adapt\u00e9, qu\u2019il n\u2019ait pas cette ouverture d\u2019esprit, d\u00e9clare-t-il, face cam\u00e9ra. Je vais voir un responsable, je lui demande o\u00f9 sont les toilettes non binaires. Il me dit : \u00ab\u00a0ha ha ha, il n\u2019y en a pas, monsieur. Les toilettes non binaires, c\u2019est ici\u00a0\u00bb, en me d\u00e9signant les poubelles. Est-ce que vous trouvez \u00e7a normal ? [\u2026] J\u2019ai d\u00fb uriner dehors. J\u2019ai d\u00fb sortir mon p\u00e9nis devant des gens. Je suis scandalis\u00e9. \u00bb<\/p>\n<blockquote class=\"twitter-tweet\">\n<p dir=\"ltr\" lang=\"fr\">L\u2019absence de toilettes non binaires au Louvre n\u2019est pas le seul scandale de ce mus\u00e9e : la Joconde est de plus assign\u00e9e \u00e0 une identit\u00e9 f\u00e9minine. Ces violences doivent cesser. <a href=\"https:\/\/t.co\/j3FVCkT9c3\" rel=\"nofollow\">pic.twitter.com\/j3FVCkT9c3<\/a><\/p>\n<p>\u2014 Eric Naulleau (@EricNaulleau) <a href=\"https:\/\/twitter.com\/EricNaulleau\/status\/1950077637554298939?ref_src=twsrc%5Etfw\" rel=\"nofollow noopener\" target=\"_blank\">July 29, 2025<\/a><\/p>\n<\/blockquote>\n<p>S\u2019agit-il d\u2019un vrai t\u00e9moignage, donn\u00e9 au premier degr\u00e9 ? On aimerait croire \u00e0 un gag, mais dans notre France de 2025, tout semble d\u00e9sormais possible&#8230; En attendant, le jeune individu gender fluid annonce son boycott du Louvre, ainsi que son intention de d\u00e9poser plainte contre le c\u00e9l\u00e8bre mus\u00e9e.<\/p>\n<p>Une revendication \u00e0 prendre &#8211; h\u00e9las &#8211; au s\u00e9rieux<\/p>\n<p>En France, quelques institutions se sont d\u2019ores et d\u00e9j\u00e0 \u00e9quip\u00e9es de <a href=\"https:\/\/x.com\/EchosStart\/status\/1584228281708343297\" target=\"_blank\" rel=\"noopener nofollow\">toilettes \u00ab non genr\u00e9es \u00bb<\/a>. C\u2019est le cas du magasin des Galeries Lafayette Champs-\u00c9lys\u00e9es, des locaux de BNP Paribas ou encore de Spotify, Ubisoft et Meta (la maison m\u00e8re de Facebook). Cr\u00e9ateur de jeux vid\u00e9o, Ubisoft a pass\u00e9 le pas d\u00e8s 2020, \u00e0 l\u2019occasion de l\u2019ouverture de ses nouveaux locaux \u00e0 Saint-Mand\u00e9 (Val-de-Marne). Il s\u2019agissait, pour l\u2019entreprise, de suivre la tendance inclusiviste qui d\u00e9ferlait alors sur la c\u00f4te ouest des \u00c9tats-Unis, mais aussi de r\u00e9pondre aux demandes de ses quelques salari\u00e9s trans ou \u00ab non binaires \u00bb ne se sentant ni hommes ni femmes. En mal d\u2019espaces adapt\u00e9s \u00e0 leur identit\u00e9 de genre, ces personnes seraient amen\u00e9es \u00e0 se retenir le plus possible d\u2019aller aux toilettes, voire \u00e0 ne pas y aller du tout. Avec, \u00e0 la clef, le risque de d\u00e9velopper des infections, insuffisances r\u00e9nales, h\u00e9morro\u00efdes et constipation. Et peu importe si ces salari\u00e9s ne sont qu\u2019une infime minorit\u00e9. <a href=\"https:\/\/www.lesechos.fr\/travailler-mieux\/vie-au-travail\/toilettes-non-genrees-pourquoi-ubisoft-meta-ou-le-bcg-les-mettent-en-place-1868336\" target=\"_blank\" rel=\"noopener nofollow\">\u00ab Le combat de l&rsquo;inclusion vaut m\u00eame pour une seule personne \u00bb<\/a>, affirme fi\u00e8rement C\u00e9line Parsoud, responsable diversit\u00e9 et inclusion chez Ubisoft France.<\/p>\n<blockquote class=\"twitter-tweet\">\n<p dir=\"ltr\" lang=\"fr\">Toilettes non genr\u00e9es : pourquoi Ubisoft, Meta ou le BCG les mettent en place ?<br \/><a href=\"https:\/\/t.co\/ULga0BEiJe\" rel=\"nofollow\">https:\/\/t.co\/ULga0BEiJe<\/a> <a href=\"https:\/\/t.co\/UW17nWl42d\" rel=\"nofollow\">pic.twitter.com\/UW17nWl42d<\/a><\/p>\n<p>\u2014 Les Echos START (@EchosStart) <a href=\"https:\/\/twitter.com\/EchosStart\/status\/1584228281708343297?ref_src=twsrc%5Etfw\" rel=\"nofollow noopener\" target=\"_blank\">October 23, 2022<\/a><\/p>\n<\/blockquote>\n<p>Car, \u00e0 en croire certains, il est urgent d\u2019ouvrir des toilettes non binaires partout. Ce serait m\u00eame une simple question d\u2019\u00e9galit\u00e9. En 2017, le <a href=\"https:\/\/www.theguardian.com\/commentisfree\/2017\/dec\/01\/gender-neutral-toilets-better-everybody-rage-latrine-trans-disabled\" target=\"_blank\" rel=\"noopener nofollow\">Guardian<\/a> avait fait le test : quinze hommes, quinze femmes se soulageant avec un W.-C. par sexe. Les premiers devaient attendre 40 secondes, quand les secondes patientaient 2 minutes et 20 secondes. Si les deux toilettes avaient \u00e9t\u00e9 non genr\u00e9es, le temps moyen aurait \u00e9t\u00e9 de 60 secondes. CQFD !<\/p>\n<p>Par ailleurs, une \u00e9tude de l\u2019Alliance de la fonction publique du Canada a d\u00e9montr\u00e9 que le malaise physique, le harc\u00e8lement ou <a href=\"https:\/\/www.tetuconnect.com\/parlons-toilettes\/\" target=\"_blank\" rel=\"noopener nofollow\">\u00ab la peur d\u2019\u00eatre harcel\u00e9.e d\u2019un.e employ\u00e9.e trans ou non binaire \u00bb<\/a> peuvent atteindre son bien-\u00eatre et, \u00e0 terme, sa productivit\u00e9, ses performances au travail. De quoi nourrir l\u2019indignation du m\u00e9dia LGBT fran\u00e7ais T\u00eatu : \u00ab Comment expliquer que les toilettes neutres ne se d\u00e9mocratisent pas tellement, en France ? \u00bb Sans doute en raison de la loi qui oblige les employeurs \u00e0 mettre <a href=\"https:\/\/www.service-public.fr\/particuliers\/vosdroits\/F35274\" target=\"_blank\" rel=\"noopener nofollow\">des toilettes genr\u00e9es \u00e0 disposition de leurs salari\u00e9s<\/a> ?<\/p>\n<p>Une susceptibilit\u00e9 XXL<\/p>\n<p>Cette propension \u00e0 se sentir bless\u00e9 dans son genre et \u00e0 porter plainte n\u2019est pas nouvelle. En 2023, des militants LGBT avaient saisi la Justice au motif que la SNCF ne proposait \u00ab que \u00bb l\u2019alternative \u00ab Monsieur \u00bb ou \u00ab Madame \u00bb sur ses formulaires. \u00ab R\u00e9duire le choix \u00e0 une alternative binaire, c\u2019est enfermer les voyageurs dans des st\u00e9r\u00e9otypes de genre et <a href=\"https:\/\/www.lefigaro.fr\/actualite-france\/quand-les-non-binaires-demandent-a-la-justice-une-case-autre-sur-les-formulaires-20230625\" target=\"_blank\" rel=\"noopener nofollow\">nier la diversit\u00e9 des personnes LGBTQI+ !<\/a> \u00bb, s\u2019\u00e9taient alors \u00e9mus 64 clients de la SNCF, emmen\u00e9s par les associations Stop Homophobie et Mousse. Apr\u00e8s avoir vu leur plainte rejet\u00e9e par la Commission nationale de l\u2019informatique et des libert\u00e9s (CNIL), les plaignants s\u2019\u00e9taient tourn\u00e9s vers la Cour de justice de l\u2019Union europ\u00e9enne. Ils r\u00e9clament une sanction de 200.000 euros \u00e0 l\u2019encontre de la soci\u00e9t\u00e9 de transport. Les mus\u00e9es doivent-ils, eux aussi, s\u2019attendre d\u00e9sormais \u00e0 \u00eatre poursuivis par des militants tr\u00e8s \u00e0 cheval sur leur identit\u00e9 de genre ?<\/p>\n<p>                    <a href=\"#\" rel=\"nofollow\" onclick=\"window.print(); pfTrackEvent('&lt;i&gt;\u00ab\u00a0C\u2019est scandaleux ! \u00bb&lt;\/i&gt; : le Louvre d\u00e9cri\u00e9 pour son absence de WC non binaires'); return false;\" title=\"Printer Friendly, PDF &amp; Email\"><br \/>\n                    <img decoding=\"async\" src=\"https:\/\/www.europesays.com\/fr\/wp-content\/uploads\/2025\/04\/printfriendly-icon-sm.png\" alt=\"Print Friendly, PDF &amp; Email\" class=\"pf-button-img\" style=\"width: 17px;height: 17px;\"\/>Imprimer, enregistrer en PDF cet article<br \/>\n                    <\/a><br \/>\n                <script async src=\"https:\/\/platform.twitter.com\/widgets.js\" charset=\"utf-8\"><\/script><\/p>\n","protected":false},"excerpt":{"rendered":"\u00ab\u00a0Dinguerie, ce qui vient d\u2019arriver !\u00a0\u00bb Depuis le week-end dernier, un jeune homme fait parler de lui, sur&hellip;\n","protected":false},"author":2,"featured_media":289649,"comment_status":"","ping_status":"","sticky":false,"template":"","format":"standard","meta":{"footnotes":""},"categories":[1358],"tags":[1348,1384,1385,1386,58,59,1011,27],"class_list":{"0":"post-289648","1":"post","2":"type-post","3":"status-publish","4":"format-standard","5":"has-post-thumbnail","7":"category-arts-et-design","8":"tag-arts","9":"tag-arts-and-design","10":"tag-arts-et-design","11":"tag-design","12":"tag-divertissement","13":"tag-entertainment","14":"tag-fr","15":"tag-france"},"share_on_mastodon":{"url":"https:\/\/pubeurope.com\/@fr\/114955022909069073","error":""},"_links":{"self":[{"href":"https:\/\/www.europesays.com\/fr\/wp-json\/wp\/v2\/posts\/289648","targetHints":{"allow":["GET"]}}],"collection":[{"href":"https:\/\/www.europesays.com\/fr\/wp-json\/wp\/v2\/posts"}],"about":[{"href":"https:\/\/www.europesays.com\/fr\/wp-json\/wp\/v2\/types\/post"}],"author":[{"embeddable":true,"href":"https:\/\/www.europesays.com\/fr\/wp-json\/wp\/v2\/users\/2"}],"replies":[{"embeddable":true,"href":"https:\/\/www.europesays.com\/fr\/wp-json\/wp\/v2\/comments?post=289648"}],"version-history":[{"count":0,"href":"https:\/\/www.europesays.com\/fr\/wp-json\/wp\/v2\/posts\/289648\/revisions"}],"wp:featuredmedia":[{"embeddable":true,"href":"https:\/\/www.europesays.com\/fr\/wp-json\/wp\/v2\/media\/289649"}],"wp:attachment":[{"href":"https:\/\/www.europesays.com\/fr\/wp-json\/wp\/v2\/media?parent=289648"}],"wp:term":[{"taxonomy":"category","embeddable":true,"href":"https:\/\/www.europesays.com\/fr\/wp-json\/wp\/v2\/categories?post=289648"},{"taxonomy":"post_tag","embeddable":true,"href":"https:\/\/www.europesays.com\/fr\/wp-json\/wp\/v2\/tags?post=289648"}],"curies":[{"name":"wp","href":"https:\/\/api.w.org\/{rel}","templated":true}]}}