{"id":289650,"date":"2025-08-01T18:53:19","date_gmt":"2025-08-01T18:53:19","guid":{"rendered":"https:\/\/www.europesays.com\/fr\/289650\/"},"modified":"2025-08-01T18:53:19","modified_gmt":"2025-08-01T18:53:19","slug":"a-la-mediatheque-intercommunale-les-enfants-deviennent-auteurs","status":"publish","type":"post","link":"https:\/\/www.europesays.com\/fr\/289650\/","title":{"rendered":"\u00e0 la m\u00e9diath\u00e8que intercommunale, les enfants deviennent auteurs"},"content":{"rendered":"<p>Les deux mois de vacances estivales sont aussi l\u2019occasion pour les enfants de d\u00e9couvrir le monde infini du livre, de son imagination jusqu\u2019\u00e0 sa fabrication. Entre f\u00e9es, dragons, trois petits cochons et pingouins, les enfants de Remiremont et des communes voisines ont pu, gr\u00e2ce \u00e0 l\u2019atelier d\u2019\u00e9criture de <a href=\"https:\/\/www.vosgesmatin.fr\/pour-sortir\/loisirs\/Rencontre-conference\/Dedicaces\/Lorraine\/Vosges\/Remiremont\/2025\/08\/02\/La-fabrique-du-livre-jeunesse-avec-l-autrice-christine-naumann-villemin\" target=\"_blank\" rel=\"noopener\">la Fabrique du livre jeunesse<\/a> , devenir des \u00e9crivains le temps d\u2019une matin\u00e9e et pourquoi pas plus.<\/p>\n<p>La m\u00e9diath\u00e8que intercommunale Le Cercle fait partie pour la deuxi\u00e8me fois du programme La fabrique du livre jeunesse qui propose des ateliers cr\u00e9atifs avec un auteur dans des <a href=\"https:\/\/www.vosgesmatin.fr\/culture-loisirs\/2025\/06\/27\/la-fabrique-du-livre-se-deroulera-pour-la-premiere-fois-a-la-mediatheque-de-bruyeres\" target=\"_blank\" rel=\"noopener\">biblioth\u00e8ques du Grand Est<\/a> autour de la litt\u00e9rature jeunesse. Cette sixi\u00e8me \u00e9dition de l\u2019op\u00e9ration permet aux enfants de rencontrer les auteurs de livres jeunesse originaires du Grand Est, et de se familiariser avec la lecture.<\/p>\n<p>  \u00ab D\u00e9sacraliser le livre \u00bb aux plus petits<\/p>\n<p>Dans ce contexte, Christine Naumann-Villemin vient, depuis le 29 juillet et jusqu\u2019au 2 ao\u00fbt, animer cinq ateliers de cr\u00e9ation d\u2019un livre, dont un atelier ouvert \u00e0 tous les enfants sur inscription samedi. Pour l\u2019autrice, ces ateliers sont l\u2019occasion de \u00ab stimuler l\u2019imagination des enfants \u00bb. Chaque enfant repart \u00e0 la fin avec son petit livre qu\u2019il con\u00e7oit de A \u00e0 Z.<\/p>\n<p>Rencontrer les enfants \u00e0 la m\u00e9diath\u00e8que ou dans les \u00e9coles est une partie importante du m\u00e9tier d\u2019auteure jeunesse pour Christine Naumann-Villemin. \u00ab Je veux d\u00e9sacraliser le livre pour qu\u2019il soit naturellement pr\u00e9sent dans la vie des enfants \u00bb, affirme l\u2019autrice qui rappelle l\u2019importance de l\u2019accessibilit\u00e9 de la culture aux plus jeunes.<\/p>\n<p>Ce contenu est bloqu\u00e9 car vous n&rsquo;avez pas accept\u00e9 les cookies et autres traceurs.<\/p>\n<p>En cliquant sur \u00ab J\u2019accepte \u00bb, les cookies et autres traceurs seront d\u00e9pos\u00e9s et vous pourrez visualiser les contenus  (<a href=\"\" class=\"consentModule_policy\" target=\"_blank\" title=\"Consulter la politique de protection des donn\u00e9es du fournisseur\">plus d&rsquo;informations<\/a>).<\/p>\n<p>En cliquant sur \u00ab J\u2019accepte tous les cookies \u00bb, vous autorisez des d\u00e9p\u00f4ts de cookies et autres traceurs pour le stockage de vos donn\u00e9es sur nos sites et applications \u00e0 des fins de personnalisation et de ciblage publicitaire.<\/p>\n<p class=\"consentModule_secondaryText\">Vous gardez la possibilit\u00e9 de retirer votre consentement \u00e0 tout moment en consultant notre <a href=\"https:\/\/www.vosgesmatin.fr\/protection-des-donnees\" target=\"_blank\" title=\"Consulter notre politique de protection des donn\u00e9es\" rel=\"noopener\">politique de protection des donn\u00e9es<\/a>. <br \/>&#13;<br \/>\n            <a href=\"https:\/\/www.vosgesmatin.fr\/culture-loisirs\/2025\/08\/01\/javascript:Didomi.notice.show()\" class=\"consentModule_cmp\" target=\"_blank\" rel=\"noopener\">G\u00e9rer mes choix<\/a>&#13;\n        <\/p>\n<p>&#13;<br \/>\n                        J&rsquo;accepte&#13;<br \/>\n            J&rsquo;accepte tous les cookies&#13;\n        <\/p>\n<p class=\"note\">Retrouvez Christine Naumann-Villemin le samedi 2 ao\u00fbt \u00e0 la m\u00e9diath\u00e8que Le Cercle \u00e0 Remiremont, pour un atelier le matin et une rencontre d\u00e9dicace de 14 h 30 \u00e0 16 h 30.<\/p>\n","protected":false},"excerpt":{"rendered":"Les deux mois de vacances estivales sont aussi l\u2019occasion pour les enfants de d\u00e9couvrir le monde infini du&hellip;\n","protected":false},"author":2,"featured_media":289651,"comment_status":"","ping_status":"","sticky":false,"template":"","format":"standard","meta":{"footnotes":""},"categories":[1357],"tags":[1379,1687,58,1798,59,1011,27,1380,2410,18924,42861,104,1631],"class_list":{"0":"post-289650","1":"post","2":"type-post","3":"status-publish","4":"format-standard","5":"has-post-thumbnail","7":"category-livres","8":"tag-books","9":"tag-culture-loisirs","10":"tag-divertissement","11":"tag-edition-remiremont-gerardmer","12":"tag-entertainment","13":"tag-fr","14":"tag-france","15":"tag-livres","16":"tag-livres-bd","17":"tag-remiremont","18":"tag-remiremont-ville-88a","19":"tag-societe","20":"tag-vie-associative"},"share_on_mastodon":{"url":"https:\/\/pubeurope.com\/@fr\/114955026683479463","error":""},"_links":{"self":[{"href":"https:\/\/www.europesays.com\/fr\/wp-json\/wp\/v2\/posts\/289650","targetHints":{"allow":["GET"]}}],"collection":[{"href":"https:\/\/www.europesays.com\/fr\/wp-json\/wp\/v2\/posts"}],"about":[{"href":"https:\/\/www.europesays.com\/fr\/wp-json\/wp\/v2\/types\/post"}],"author":[{"embeddable":true,"href":"https:\/\/www.europesays.com\/fr\/wp-json\/wp\/v2\/users\/2"}],"replies":[{"embeddable":true,"href":"https:\/\/www.europesays.com\/fr\/wp-json\/wp\/v2\/comments?post=289650"}],"version-history":[{"count":0,"href":"https:\/\/www.europesays.com\/fr\/wp-json\/wp\/v2\/posts\/289650\/revisions"}],"wp:featuredmedia":[{"embeddable":true,"href":"https:\/\/www.europesays.com\/fr\/wp-json\/wp\/v2\/media\/289651"}],"wp:attachment":[{"href":"https:\/\/www.europesays.com\/fr\/wp-json\/wp\/v2\/media?parent=289650"}],"wp:term":[{"taxonomy":"category","embeddable":true,"href":"https:\/\/www.europesays.com\/fr\/wp-json\/wp\/v2\/categories?post=289650"},{"taxonomy":"post_tag","embeddable":true,"href":"https:\/\/www.europesays.com\/fr\/wp-json\/wp\/v2\/tags?post=289650"}],"curies":[{"name":"wp","href":"https:\/\/api.w.org\/{rel}","templated":true}]}}